{"id":16644,"date":"2025-08-01T18:06:04","date_gmt":"2025-08-02T00:06:04","guid":{"rendered":"https:\/\/alcierrenoticias.com\/?p=16644"},"modified":"2025-08-02T01:48:18","modified_gmt":"2025-08-02T07:48:18","slug":"invitan-a-apoyar-a-productores-locales-en-el-mercado-de-productores-este-sabado","status":"publish","type":"post","link":"https:\/\/alcierrenoticias.com\/index.php\/2025\/08\/01\/invitan-a-apoyar-a-productores-locales-en-el-mercado-de-productores-este-sabado\/","title":{"rendered":"Invitan a apoyar a productores locales en el Mercado de Productores este s\u00e1bado."},"content":{"rendered":"<p>Con la participaci\u00f3n de m\u00e1s de 20 productores de la regi\u00f3n, este s\u00e1bado se llevar\u00e1 a cabo una nueva edici\u00f3n del Mercado de Productores en la Plaza de Armas de Delicias, donde la ciudadan\u00eda podr\u00e1 adquirir productos frescos, locales y de calidad a precios accesibles.<\/p>\n<p>La cita es este 2 de agosto, de 8:30 de la ma\u00f1ana a 1:00 de la tarde, en un espacio que se ha consolidado como un punto de encuentro entre el campo y las familias delicienses, gracias a la organizaci\u00f3n del Instituto de Desarrollo Econ\u00f3mico y Agropecuario (IDEA) del Gobierno Municipal.<\/p>\n<p>El evento tiene como objetivo impulsar la econom\u00eda regional al permitir que los productores ofrezcan directamente sus cosechas y productos a los consumidores, eliminando intermediarios y garantizando precios justos. Entre la oferta se encuentran frutas, verduras, l\u00e1cteos, nueces, miel y otros alimentos de la regi\u00f3n centro-sur de Chihuahua.<\/p>\n","protected":false},"excerpt":{"rendered":"<p>Con la participaci\u00f3n de m\u00e1s de 20 productores de la regi\u00f3n, este s\u00e1bado se llevar\u00e1 a cabo una nueva edici\u00f3n del Mercado de Productores en la Plaza de Armas de Delicias, donde la ciudadan\u00eda podr\u00e1 adquirir productos frescos, locales y de calidad a precios accesibles. La cita es este 2 de agosto, de 8:30 de la ma\u00f1ana a 1:00 de la tarde, en un espacio que se ha consolidado como un punto de encuentro entre el campo y las familias delicienses, gracias a la organizaci\u00f3n del Instituto de Desarrollo Econ\u00f3mico y Agropecuario (IDEA) del Gobierno Municipal. El evento tiene como objetivo impulsar la econom\u00eda regional al permitir que los productores ofrezcan directamente sus cosechas y productos a los consumidores, eliminando intermediarios y garantizando precios justos. Entre la oferta se encuentran frutas, verduras, l\u00e1cteos, nueces, miel y otros alimentos de la regi\u00f3n centro-sur de Chihuahua.<\/p>\n","protected":false},"author":2,"featured_media":16645,"comment_status":"open","ping_status":"open","sticky":false,"template":"","format":"standard","meta":{"_monsterinsights_skip_tracking":false,"_monsterinsights_sitenote_active":false,"_monsterinsights_sitenote_note":"","_monsterinsights_sitenote_category":0,"advanced_seo_description":"","jetpack_seo_html_title":"","jetpack_seo_noindex":false,"_jetpack_memberships_contains_paid_content":false,"footnotes":"","jetpack_publicize_message":"","jetpack_publicize_feature_enabled":true,"jetpack_social_post_already_shared":true,"jetpack_social_options":{"image_generator_settings":{"template":"highway","enabled":false},"version":2}},"categories":[135,7,11],"tags":[],"class_list":["post-16644","post","type-post","status-publish","format-standard","has-post-thumbnail","hentry","category-lo-mas-leido","category-local","category-principal"],"jetpack_publicize_connections":[],"jetpack_sharing_enabled":true,"jetpack_featured_media_url":"https:\/\/i0.wp.com\/alcierrenoticias.com\/wp-content\/uploads\/2025\/08\/WhatsApp-Image-2025-08-01-at-11.02.42-PM-scaled.jpeg?fit=2560%2C1707&ssl=1","amp_enabled":true,"_links":{"self":[{"href":"https:\/\/alcierrenoticias.com\/index.php\/wp-json\/wp\/v2\/posts\/16644","targetHints":{"allow":["GET"]}}],"collection":[{"href":"https:\/\/alcierrenoticias.com\/index.php\/wp-json\/wp\/v2\/posts"}],"about":[{"href":"https:\/\/alcierrenoticias.com\/index.php\/wp-json\/wp\/v2\/types\/post"}],"author":[{"embeddable":true,"href":"https:\/\/alcierrenoticias.com\/index.php\/wp-json\/wp\/v2\/users\/2"}],"replies":[{"embeddable":true,"href":"https:\/\/alcierrenoticias.com\/index.php\/wp-json\/wp\/v2\/comments?post=16644"}],"version-history":[{"count":2,"href":"https:\/\/alcierrenoticias.com\/index.php\/wp-json\/wp\/v2\/posts\/16644\/revisions"}],"predecessor-version":[{"id":16647,"href":"https:\/\/alcierrenoticias.com\/index.php\/wp-json\/wp\/v2\/posts\/16644\/revisions\/16647"}],"wp:featuredmedia":[{"embeddable":true,"href":"https:\/\/alcierrenoticias.com\/index.php\/wp-json\/wp\/v2\/media\/16645"}],"wp:attachment":[{"href":"https:\/\/alcierrenoticias.com\/index.php\/wp-json\/wp\/v2\/media?parent=16644"}],"wp:term":[{"taxonomy":"category","embeddable":true,"href":"https:\/\/alcierrenoticias.com\/index.php\/wp-json\/wp\/v2\/categories?post=16644"},{"taxonomy":"post_tag","embeddable":true,"href":"https:\/\/alcierrenoticias.com\/index.php\/wp-json\/wp\/v2\/tags?post=16644"}],"curies":[{"name":"wp","href":"https:\/\/api.w.org\/{rel}","templated":true}]}}