{"id":16640,"date":"2025-08-01T16:00:46","date_gmt":"2025-08-01T22:00:46","guid":{"rendered":"https:\/\/alcierrenoticias.com\/?p=16640"},"modified":"2025-08-02T01:45:28","modified_gmt":"2025-08-02T07:45:28","slug":"arranca-el-programa-tache-a-cada-bache-en-la-calle-jesus-garcia","status":"publish","type":"post","link":"https:\/\/alcierrenoticias.com\/index.php\/2025\/08\/01\/arranca-el-programa-tache-a-cada-bache-en-la-calle-jesus-garcia\/","title":{"rendered":"Arranca el programa \u201cTache a cada bache\u201d en la calle Jes\u00fas Garc\u00eda."},"content":{"rendered":"<p>El Gobierno Municipal de Camargo dio inicio a las labores de bacheo en la calle Jes\u00fas Garc\u00eda, como parte del programa \u201cTache a cada bache\u201d, una estrategia que busca mejorar las condiciones de las vialidades en diferentes sectores de la ciudad.<\/p>\n<p>Con estas acciones se pretende brindar mayor seguridad y comodidad a quienes transitan por esta importante arteria, adem\u00e1s de atender una de las principales demandas de la poblaci\u00f3n: el mejoramiento de las calles.<\/p>\n<p>El programa \u201cTache a cada bache\u201d continuar\u00e1 en los pr\u00f3ximos d\u00edas en m\u00e1s colonias y puntos detectados con deterioro en el pavimento, reforzando el compromiso de esta administraci\u00f3n con el mantenimiento y la rehabilitaci\u00f3n de la infraestructura urbana.<\/p>\n","protected":false},"excerpt":{"rendered":"<p>El Gobierno Municipal de Camargo dio inicio a las labores de bacheo en la calle Jes\u00fas Garc\u00eda, como parte del programa \u201cTache a cada bache\u201d, una estrategia que busca mejorar las condiciones de las vialidades en diferentes sectores de la ciudad. Con estas acciones se pretende brindar mayor seguridad y comodidad a quienes transitan por esta importante arteria, adem\u00e1s de atender una de las principales demandas de la poblaci\u00f3n: el mejoramiento de las calles. El programa \u201cTache a cada bache\u201d continuar\u00e1 en los pr\u00f3ximos d\u00edas en m\u00e1s colonias y puntos detectados con deterioro en el pavimento, reforzando el compromiso de esta administraci\u00f3n con el mantenimiento y la rehabilitaci\u00f3n de la infraestructura urbana.<\/p>\n","protected":false},"author":2,"featured_media":16641,"comment_status":"open","ping_status":"open","sticky":false,"template":"","format":"standard","meta":{"_monsterinsights_skip_tracking":false,"_monsterinsights_sitenote_active":false,"_monsterinsights_sitenote_note":"","_monsterinsights_sitenote_category":0,"advanced_seo_description":"","jetpack_seo_html_title":"","jetpack_seo_noindex":false,"_jetpack_memberships_contains_paid_content":false,"footnotes":"","jetpack_publicize_message":"","jetpack_publicize_feature_enabled":true,"jetpack_social_post_already_shared":true,"jetpack_social_options":{"image_generator_settings":{"template":"highway","enabled":false},"version":2}},"categories":[8,135,11],"tags":[],"class_list":["post-16640","post","type-post","status-publish","format-standard","has-post-thumbnail","hentry","category-estado","category-lo-mas-leido","category-principal"],"jetpack_publicize_connections":[],"jetpack_sharing_enabled":true,"jetpack_featured_media_url":"https:\/\/i0.wp.com\/alcierrenoticias.com\/wp-content\/uploads\/2025\/08\/WhatsApp-Image-2025-08-01-at-3.45.02-PM.jpeg?fit=1600%2C1200&ssl=1","amp_enabled":true,"_links":{"self":[{"href":"https:\/\/alcierrenoticias.com\/index.php\/wp-json\/wp\/v2\/posts\/16640","targetHints":{"allow":["GET"]}}],"collection":[{"href":"https:\/\/alcierrenoticias.com\/index.php\/wp-json\/wp\/v2\/posts"}],"about":[{"href":"https:\/\/alcierrenoticias.com\/index.php\/wp-json\/wp\/v2\/types\/post"}],"author":[{"embeddable":true,"href":"https:\/\/alcierrenoticias.com\/index.php\/wp-json\/wp\/v2\/users\/2"}],"replies":[{"embeddable":true,"href":"https:\/\/alcierrenoticias.com\/index.php\/wp-json\/wp\/v2\/comments?post=16640"}],"version-history":[{"count":2,"href":"https:\/\/alcierrenoticias.com\/index.php\/wp-json\/wp\/v2\/posts\/16640\/revisions"}],"predecessor-version":[{"id":16643,"href":"https:\/\/alcierrenoticias.com\/index.php\/wp-json\/wp\/v2\/posts\/16640\/revisions\/16643"}],"wp:featuredmedia":[{"embeddable":true,"href":"https:\/\/alcierrenoticias.com\/index.php\/wp-json\/wp\/v2\/media\/16641"}],"wp:attachment":[{"href":"https:\/\/alcierrenoticias.com\/index.php\/wp-json\/wp\/v2\/media?parent=16640"}],"wp:term":[{"taxonomy":"category","embeddable":true,"href":"https:\/\/alcierrenoticias.com\/index.php\/wp-json\/wp\/v2\/categories?post=16640"},{"taxonomy":"post_tag","embeddable":true,"href":"https:\/\/alcierrenoticias.com\/index.php\/wp-json\/wp\/v2\/tags?post=16640"}],"curies":[{"name":"wp","href":"https:\/\/api.w.org\/{rel}","templated":true}]}}