{"id":16624,"date":"2025-08-01T10:00:23","date_gmt":"2025-08-01T16:00:23","guid":{"rendered":"https:\/\/alcierrenoticias.com\/?p=16624"},"modified":"2025-08-02T01:35:11","modified_gmt":"2025-08-02T07:35:11","slug":"presentaran-exposicion-meoqui-surrealista-este-viernes-en-el-por-amor-al-arte","status":"publish","type":"post","link":"https:\/\/alcierrenoticias.com\/index.php\/2025\/08\/01\/presentaran-exposicion-meoqui-surrealista-este-viernes-en-el-por-amor-al-arte\/","title":{"rendered":"Presentar\u00e1n exposici\u00f3n \u201cMeoqui surrealista\u201d este viernes en el Por Amor al Arte."},"content":{"rendered":"<p>El taller de arte \u201cPeque\u00f1os Pasos\u201d de L\u00e1zaro C\u00e1rdenas mostrar\u00e1n pinturas y n\u00fameros de Jazz en los Portales de la Presidencia Municipal a las 6:30 pm<\/p>\n<p>Bajo el concepto de \u201cMeoqui Surrealista\u201d, este viernes 1 de agosto el taller de arte \u201cPeque\u00f1os Pasos\u201d de L\u00e1zaro C\u00e1rdenas, a cargo de la maestra Carolina Edith Rodr\u00edguez, expondr\u00e1n sus obras de pintura, as\u00ed como presentaciones de jazz con esta tem\u00e1tica a partir de las 6:30 de la tarde en los Portales de la Presidencia Municipal.<\/p>\n<p>La directora de Desarrollo Social, Zenyith P\u00e9rez, coment\u00f3 que la alcaldesa Miriam Soto ha promovido esta clase de eventos: \u201cEstamos retomando las actividades culturales dentro del municipio, la instrucci\u00f3n de la alcaldesa Miriam Soto ha sido que realicemos este tipo de eventos, los cuales no solo les dan visibilidad a artistas locales, si no tambi\u00e9n influyen en la comunidad para que conozcan temas de m\u00fasica, fotograf\u00eda, pintura\u201d.<\/p>\n<p>Finalmente, la directora extendi\u00f3 la invitaci\u00f3n a todas las familias del municipio y la regi\u00f3n a ser testigos de lo que los ni\u00f1os de este taller tienen para ofrecer, extendiendo la invitaci\u00f3n a todos aquellos quienes tengan alg\u00fan arte, acercarse a las oficinas de Desarrollo Social para poder formar parte de este programa.<\/p>\n<p>El surrealismo es un movimiento art\u00edstico y literario con el prop\u00f3sito de liberar la creatividad del control de la l\u00f3gica y la raz\u00f3n, explorando el mundo de los sue\u00f1os, el inconsciente y lo irracional. Esta corriente art\u00edstica busca expresar el pensamiento puro mediante im\u00e1genes fantasiosas, asociaciones inesperadas y una ruptura con las normas tradicionales, dando lugar a obras que combinan lo real con lo fant\u00e1stico de manera provocadora y simb\u00f3lica.<\/p>\n","protected":false},"excerpt":{"rendered":"<p>El taller de arte \u201cPeque\u00f1os Pasos\u201d de L\u00e1zaro C\u00e1rdenas mostrar\u00e1n pinturas y n\u00fameros de Jazz en los Portales de la Presidencia Municipal a las 6:30 pm Bajo el concepto de \u201cMeoqui Surrealista\u201d, este viernes 1 de agosto el taller de arte \u201cPeque\u00f1os Pasos\u201d de L\u00e1zaro C\u00e1rdenas, a cargo de la maestra Carolina Edith Rodr\u00edguez, expondr\u00e1n sus obras de pintura, as\u00ed como presentaciones de jazz con esta tem\u00e1tica a partir de las 6:30 de la tarde en los Portales de la Presidencia Municipal. La directora de Desarrollo Social, Zenyith P\u00e9rez, coment\u00f3 que la alcaldesa Miriam Soto ha promovido esta clase de eventos: \u201cEstamos retomando las actividades culturales dentro del municipio, la instrucci\u00f3n de la alcaldesa Miriam Soto ha sido que realicemos este tipo de eventos, los cuales no solo les dan visibilidad a artistas locales, si no tambi\u00e9n influyen en la comunidad para que conozcan temas de m\u00fasica, fotograf\u00eda, pintura\u201d. Finalmente, la directora extendi\u00f3 la invitaci\u00f3n a todas las familias del municipio y la regi\u00f3n a ser testigos de lo que los ni\u00f1os de este taller tienen para ofrecer, extendiendo la invitaci\u00f3n a todos aquellos quienes tengan alg\u00fan arte, acercarse a las oficinas de Desarrollo Social para poder formar parte de este programa. El surrealismo es un movimiento art\u00edstico y literario con el prop\u00f3sito de liberar la creatividad del control de la l\u00f3gica y la raz\u00f3n, explorando el mundo de los sue\u00f1os, el inconsciente y lo irracional. Esta corriente art\u00edstica busca expresar el pensamiento puro mediante im\u00e1genes fantasiosas, asociaciones inesperadas y una ruptura con las normas tradicionales, dando lugar a obras que combinan lo real con lo fant\u00e1stico de manera provocadora y simb\u00f3lica.<\/p>\n","protected":false},"author":2,"featured_media":16625,"comment_status":"open","ping_status":"open","sticky":false,"template":"","format":"standard","meta":{"_monsterinsights_skip_tracking":false,"_monsterinsights_sitenote_active":false,"_monsterinsights_sitenote_note":"","_monsterinsights_sitenote_category":0,"advanced_seo_description":"","jetpack_seo_html_title":"","jetpack_seo_noindex":false,"_jetpack_memberships_contains_paid_content":false,"footnotes":"","jetpack_publicize_message":"","jetpack_publicize_feature_enabled":true,"jetpack_social_post_already_shared":true,"jetpack_social_options":{"image_generator_settings":{"template":"highway","enabled":false},"version":2}},"categories":[135,7,11],"tags":[],"class_list":["post-16624","post","type-post","status-publish","format-standard","has-post-thumbnail","hentry","category-lo-mas-leido","category-local","category-principal"],"jetpack_publicize_connections":[],"jetpack_sharing_enabled":true,"jetpack_featured_media_url":"https:\/\/i0.wp.com\/alcierrenoticias.com\/wp-content\/uploads\/2025\/08\/WhatsApp-Image-2025-08-01-at-9.54.37-AM-e1754120099997.jpeg?fit=500%2C500&ssl=1","amp_enabled":true,"_links":{"self":[{"href":"https:\/\/alcierrenoticias.com\/index.php\/wp-json\/wp\/v2\/posts\/16624","targetHints":{"allow":["GET"]}}],"collection":[{"href":"https:\/\/alcierrenoticias.com\/index.php\/wp-json\/wp\/v2\/posts"}],"about":[{"href":"https:\/\/alcierrenoticias.com\/index.php\/wp-json\/wp\/v2\/types\/post"}],"author":[{"embeddable":true,"href":"https:\/\/alcierrenoticias.com\/index.php\/wp-json\/wp\/v2\/users\/2"}],"replies":[{"embeddable":true,"href":"https:\/\/alcierrenoticias.com\/index.php\/wp-json\/wp\/v2\/comments?post=16624"}],"version-history":[{"count":2,"href":"https:\/\/alcierrenoticias.com\/index.php\/wp-json\/wp\/v2\/posts\/16624\/revisions"}],"predecessor-version":[{"id":16627,"href":"https:\/\/alcierrenoticias.com\/index.php\/wp-json\/wp\/v2\/posts\/16624\/revisions\/16627"}],"wp:featuredmedia":[{"embeddable":true,"href":"https:\/\/alcierrenoticias.com\/index.php\/wp-json\/wp\/v2\/media\/16625"}],"wp:attachment":[{"href":"https:\/\/alcierrenoticias.com\/index.php\/wp-json\/wp\/v2\/media?parent=16624"}],"wp:term":[{"taxonomy":"category","embeddable":true,"href":"https:\/\/alcierrenoticias.com\/index.php\/wp-json\/wp\/v2\/categories?post=16624"},{"taxonomy":"post_tag","embeddable":true,"href":"https:\/\/alcierrenoticias.com\/index.php\/wp-json\/wp\/v2\/tags?post=16624"}],"curies":[{"name":"wp","href":"https:\/\/api.w.org\/{rel}","templated":true}]}}