{"id":16604,"date":"2025-07-31T11:50:37","date_gmt":"2025-07-31T17:50:37","guid":{"rendered":"https:\/\/alcierrenoticias.com\/?p=16604"},"modified":"2025-08-02T01:20:21","modified_gmt":"2025-08-02T07:20:21","slug":"el-alcalde-jorge-aldana-ha-demostrado-estar-a-la-altura-de-los-retos-que-enfrenta-camargo-ha-sido-un-gran-gestor-con-gobierno-del-estado-jorge-puentes","status":"publish","type":"post","link":"https:\/\/alcierrenoticias.com\/index.php\/2025\/07\/31\/el-alcalde-jorge-aldana-ha-demostrado-estar-a-la-altura-de-los-retos-que-enfrenta-camargo-ha-sido-un-gran-gestor-con-gobierno-del-estado-jorge-puentes\/","title":{"rendered":"\u201cEl alcalde Jorge Aldana ha demostrado estar a la altura de los retos que enfrenta Camargo, ha sido un gran gestor con Gobierno del Estado\u201d: Jorge Puentes."},"content":{"rendered":"<p>Durante una gira de trabajo por el municipio, el coordinador de Desarrollo Municipal del Gobierno del Estado, Jorge Puentes, reconoci\u00f3 p\u00fablicamente el liderazgo, la voluntad y la capacidad de gesti\u00f3n del presidente municipal Jorge Aldana, quien \u2014dijo\u2014 ha estado siempre al frente de los desaf\u00edos que enfrenta Camargo, sin dejar de tocar puertas ni de poner el inter\u00e9s de los camarguenses por encima de todo.<\/p>\n<p>\u201cEsto que hoy vemos en Camargo no ser\u00eda posible sin el trabajo del alcalde. Jorge Aldana no ha dejado de gestionar, no ha dejado de tocar puertas, no ha dejado de interponer el inter\u00e9s de su gente. Su capacidad de gesti\u00f3n no se ha visto debilitada ni disminuida. Se ha demostrado que cuando se tiene voluntad de servir, se construyen soluciones y se obtienen resultados\u201d, se\u00f1al\u00f3 Puentes.<\/p>\n<p>El funcionario estatal destac\u00f3 que el presidente Jorge Aldana ha mantenido firme su enfoque en las personas, en las comunidades y en las necesidades reales del municipio. \u201cEs muy f\u00e1cil se\u00f1alar o dividir, pero tambi\u00e9n son tiempos de coincidir en lo esencial: en el desarrollo de nuestras comunidades y de su gente. Camargo ha trabajado y ha dado resultados\u201d, puntualiz\u00f3.<\/p>\n<p>Puentes reafirm\u00f3 adem\u00e1s el respaldo del Gobierno del Estado y de la gobernadora Maru Campos hacia el municipio de Camargo, reconociendo el trabajo coordinado y constante que se ha mantenido a lo largo de la administraci\u00f3n.<br \/>\n\u201cCuenten con todo el apoyo de nuestra gobernadora Maru Campos. Estamos seguros de que si nos unimos por Camargo, vamos a construir una mejor ciudad para todas y todos\u201d, concluy\u00f3.<\/p>\n","protected":false},"excerpt":{"rendered":"<p>Durante una gira de trabajo por el municipio, el coordinador de Desarrollo Municipal del Gobierno del Estado, Jorge Puentes, reconoci\u00f3 p\u00fablicamente el liderazgo, la voluntad y la capacidad de gesti\u00f3n del presidente municipal Jorge Aldana, quien \u2014dijo\u2014 ha estado siempre al frente de los desaf\u00edos que enfrenta Camargo, sin dejar de tocar puertas ni de poner el inter\u00e9s de los camarguenses por encima de todo. \u201cEsto que hoy vemos en Camargo no ser\u00eda posible sin el trabajo del alcalde. Jorge Aldana no ha dejado de gestionar, no ha dejado de tocar puertas, no ha dejado de interponer el inter\u00e9s de su gente. Su capacidad de gesti\u00f3n no se ha visto debilitada ni disminuida. Se ha demostrado que cuando se tiene voluntad de servir, se construyen soluciones y se obtienen resultados\u201d, se\u00f1al\u00f3 Puentes. El funcionario estatal destac\u00f3 que el presidente Jorge Aldana ha mantenido firme su enfoque en las personas, en las comunidades y en las necesidades reales del municipio. \u201cEs muy f\u00e1cil se\u00f1alar o dividir, pero tambi\u00e9n son tiempos de coincidir en lo esencial: en el desarrollo de nuestras comunidades y de su gente. Camargo ha trabajado y ha dado resultados\u201d, puntualiz\u00f3. Puentes reafirm\u00f3 adem\u00e1s el respaldo del Gobierno del Estado y de la gobernadora Maru Campos hacia el municipio de Camargo, reconociendo el trabajo coordinado y constante que se ha mantenido a lo largo de la administraci\u00f3n. \u201cCuenten con todo el apoyo de nuestra gobernadora Maru Campos. Estamos seguros de que si nos unimos por Camargo, vamos a construir una mejor ciudad para todas y todos\u201d, concluy\u00f3.<\/p>\n","protected":false},"author":2,"featured_media":16605,"comment_status":"open","ping_status":"open","sticky":false,"template":"","format":"standard","meta":{"_monsterinsights_skip_tracking":false,"_monsterinsights_sitenote_active":false,"_monsterinsights_sitenote_note":"","_monsterinsights_sitenote_category":0,"advanced_seo_description":"","jetpack_seo_html_title":"","jetpack_seo_noindex":false,"_jetpack_memberships_contains_paid_content":false,"footnotes":"","jetpack_publicize_message":"","jetpack_publicize_feature_enabled":true,"jetpack_social_post_already_shared":true,"jetpack_social_options":{"image_generator_settings":{"template":"highway","enabled":false},"version":2}},"categories":[8,135,11],"tags":[],"class_list":["post-16604","post","type-post","status-publish","format-standard","has-post-thumbnail","hentry","category-estado","category-lo-mas-leido","category-principal"],"jetpack_publicize_connections":[],"jetpack_sharing_enabled":true,"jetpack_featured_media_url":"https:\/\/i0.wp.com\/alcierrenoticias.com\/wp-content\/uploads\/2025\/08\/WhatsApp-Image-2025-07-31-at-11.45.49-AM-1.jpeg?fit=1600%2C1066&ssl=1","amp_enabled":true,"_links":{"self":[{"href":"https:\/\/alcierrenoticias.com\/index.php\/wp-json\/wp\/v2\/posts\/16604","targetHints":{"allow":["GET"]}}],"collection":[{"href":"https:\/\/alcierrenoticias.com\/index.php\/wp-json\/wp\/v2\/posts"}],"about":[{"href":"https:\/\/alcierrenoticias.com\/index.php\/wp-json\/wp\/v2\/types\/post"}],"author":[{"embeddable":true,"href":"https:\/\/alcierrenoticias.com\/index.php\/wp-json\/wp\/v2\/users\/2"}],"replies":[{"embeddable":true,"href":"https:\/\/alcierrenoticias.com\/index.php\/wp-json\/wp\/v2\/comments?post=16604"}],"version-history":[{"count":2,"href":"https:\/\/alcierrenoticias.com\/index.php\/wp-json\/wp\/v2\/posts\/16604\/revisions"}],"predecessor-version":[{"id":16607,"href":"https:\/\/alcierrenoticias.com\/index.php\/wp-json\/wp\/v2\/posts\/16604\/revisions\/16607"}],"wp:featuredmedia":[{"embeddable":true,"href":"https:\/\/alcierrenoticias.com\/index.php\/wp-json\/wp\/v2\/media\/16605"}],"wp:attachment":[{"href":"https:\/\/alcierrenoticias.com\/index.php\/wp-json\/wp\/v2\/media?parent=16604"}],"wp:term":[{"taxonomy":"category","embeddable":true,"href":"https:\/\/alcierrenoticias.com\/index.php\/wp-json\/wp\/v2\/categories?post=16604"},{"taxonomy":"post_tag","embeddable":true,"href":"https:\/\/alcierrenoticias.com\/index.php\/wp-json\/wp\/v2\/tags?post=16604"}],"curies":[{"name":"wp","href":"https:\/\/api.w.org\/{rel}","templated":true}]}}