{"id":16594,"date":"2025-07-30T19:18:53","date_gmt":"2025-07-31T01:18:53","guid":{"rendered":"https:\/\/alcierrenoticias.com\/?p=16594"},"modified":"2025-08-02T01:10:45","modified_gmt":"2025-08-02T07:10:45","slug":"jorge-aldana-gestiona-brigada-de-vacunacion-contra-el-sarampion-en-comunidad-menonita-de-camargo","status":"publish","type":"post","link":"https:\/\/alcierrenoticias.com\/index.php\/2025\/07\/30\/jorge-aldana-gestiona-brigada-de-vacunacion-contra-el-sarampion-en-comunidad-menonita-de-camargo\/","title":{"rendered":"Jorge Aldana gestiona brigada de vacunaci\u00f3n contra el sarampi\u00f3n en comunidad menonita de Camargo."},"content":{"rendered":"<p>Como parte de las acciones preventivas en materia de salud p\u00fablica, el presidente municipal Jorge Aldana realiz\u00f3 una importante gesti\u00f3n para que una brigada de vacunaci\u00f3n contra el sarampi\u00f3n se trasladara hasta la comunidad menonita ubicada al l\u00edmite del municipio de Camargo con el estado de Coahuila.<\/p>\n<p>Esta zona, caracterizada por la actividad agr\u00edcola, concentra un considerable n\u00famero de personas trabajadoras, principalmente pertenecientes a la etnia rar\u00e1muri, quienes se encuentran en situaci\u00f3n de vulnerabilidad ante posibles brotes de enfermedades contagiosas como el sarampi\u00f3n.<\/p>\n<p>Gracias a la coordinaci\u00f3n entre el Gobierno Municipal y el Gobierno del Estado, a trav\u00e9s de la Secretar\u00eda de Salud, fue posible llevar a cabo esta jornada de vacunaci\u00f3n, con el objetivo de frenar la propagaci\u00f3n del virus y proteger a la poblaci\u00f3n que habita y labora en dicha comunidad.<\/p>\n<p>Los representantes de la comunidad menonita expresaron su agradecimiento al presidente Jorge Aldana por su compromiso con la salud y el bienestar de todas las familias, as\u00ed como al personal de salud que hizo posible esta acci\u00f3n preventiva. Reconocieron adem\u00e1s el esfuerzo conjunto con las autoridades estatales para brindar atenci\u00f3n m\u00e9dica en zonas alejadas.<br \/>\n\u201cEl bienestar de todas las personas que viven y trabajan en Camargo es una prioridad. No podemos permitir que la distancia o las condiciones geogr\u00e1ficas sean una barrera para acceder a la salud\u201d, expres\u00f3 el alcalde Jorge Aldana.<\/p>\n","protected":false},"excerpt":{"rendered":"<p>Como parte de las acciones preventivas en materia de salud p\u00fablica, el presidente municipal Jorge Aldana realiz\u00f3 una importante gesti\u00f3n para que una brigada de vacunaci\u00f3n contra el sarampi\u00f3n se trasladara hasta la comunidad menonita ubicada al l\u00edmite del municipio de Camargo con el estado de Coahuila. Esta zona, caracterizada por la actividad agr\u00edcola, concentra un considerable n\u00famero de personas trabajadoras, principalmente pertenecientes a la etnia rar\u00e1muri, quienes se encuentran en situaci\u00f3n de vulnerabilidad ante posibles brotes de enfermedades contagiosas como el sarampi\u00f3n. Gracias a la coordinaci\u00f3n entre el Gobierno Municipal y el Gobierno del Estado, a trav\u00e9s de la Secretar\u00eda de Salud, fue posible llevar a cabo esta jornada de vacunaci\u00f3n, con el objetivo de frenar la propagaci\u00f3n del virus y proteger a la poblaci\u00f3n que habita y labora en dicha comunidad. Los representantes de la comunidad menonita expresaron su agradecimiento al presidente Jorge Aldana por su compromiso con la salud y el bienestar de todas las familias, as\u00ed como al personal de salud que hizo posible esta acci\u00f3n preventiva. Reconocieron adem\u00e1s el esfuerzo conjunto con las autoridades estatales para brindar atenci\u00f3n m\u00e9dica en zonas alejadas. \u201cEl bienestar de todas las personas que viven y trabajan en Camargo es una prioridad. No podemos permitir que la distancia o las condiciones geogr\u00e1ficas sean una barrera para acceder a la salud\u201d, expres\u00f3 el alcalde Jorge Aldana.<\/p>\n","protected":false},"author":2,"featured_media":16595,"comment_status":"open","ping_status":"open","sticky":false,"template":"","format":"standard","meta":{"_monsterinsights_skip_tracking":false,"_monsterinsights_sitenote_active":false,"_monsterinsights_sitenote_note":"","_monsterinsights_sitenote_category":0,"advanced_seo_description":"","jetpack_seo_html_title":"","jetpack_seo_noindex":false,"_jetpack_memberships_contains_paid_content":false,"footnotes":"","jetpack_publicize_message":"","jetpack_publicize_feature_enabled":true,"jetpack_social_post_already_shared":true,"jetpack_social_options":{"image_generator_settings":{"template":"highway","enabled":false},"version":2}},"categories":[8,135,11],"tags":[],"class_list":["post-16594","post","type-post","status-publish","format-standard","has-post-thumbnail","hentry","category-estado","category-lo-mas-leido","category-principal"],"jetpack_publicize_connections":[],"jetpack_sharing_enabled":true,"jetpack_featured_media_url":"https:\/\/i0.wp.com\/alcierrenoticias.com\/wp-content\/uploads\/2025\/08\/WhatsApp-Image-2025-07-30-at-8.15.52-PM.jpeg?fit=1039%2C560&ssl=1","amp_enabled":true,"_links":{"self":[{"href":"https:\/\/alcierrenoticias.com\/index.php\/wp-json\/wp\/v2\/posts\/16594","targetHints":{"allow":["GET"]}}],"collection":[{"href":"https:\/\/alcierrenoticias.com\/index.php\/wp-json\/wp\/v2\/posts"}],"about":[{"href":"https:\/\/alcierrenoticias.com\/index.php\/wp-json\/wp\/v2\/types\/post"}],"author":[{"embeddable":true,"href":"https:\/\/alcierrenoticias.com\/index.php\/wp-json\/wp\/v2\/users\/2"}],"replies":[{"embeddable":true,"href":"https:\/\/alcierrenoticias.com\/index.php\/wp-json\/wp\/v2\/comments?post=16594"}],"version-history":[{"count":2,"href":"https:\/\/alcierrenoticias.com\/index.php\/wp-json\/wp\/v2\/posts\/16594\/revisions"}],"predecessor-version":[{"id":16597,"href":"https:\/\/alcierrenoticias.com\/index.php\/wp-json\/wp\/v2\/posts\/16594\/revisions\/16597"}],"wp:featuredmedia":[{"embeddable":true,"href":"https:\/\/alcierrenoticias.com\/index.php\/wp-json\/wp\/v2\/media\/16595"}],"wp:attachment":[{"href":"https:\/\/alcierrenoticias.com\/index.php\/wp-json\/wp\/v2\/media?parent=16594"}],"wp:term":[{"taxonomy":"category","embeddable":true,"href":"https:\/\/alcierrenoticias.com\/index.php\/wp-json\/wp\/v2\/categories?post=16594"},{"taxonomy":"post_tag","embeddable":true,"href":"https:\/\/alcierrenoticias.com\/index.php\/wp-json\/wp\/v2\/tags?post=16594"}],"curies":[{"name":"wp","href":"https:\/\/api.w.org\/{rel}","templated":true}]}}