{"id":16590,"date":"2025-07-30T19:15:58","date_gmt":"2025-07-31T01:15:58","guid":{"rendered":"https:\/\/alcierrenoticias.com\/?p=16590"},"modified":"2025-08-02T01:08:27","modified_gmt":"2025-08-02T07:08:27","slug":"arranca-la-pavimentacion-de-la-calle-ojinaga-con-inversion-conjunta-del-gobierno-del-estado-y-el-gobierno-municipal","status":"publish","type":"post","link":"https:\/\/alcierrenoticias.com\/index.php\/2025\/07\/30\/arranca-la-pavimentacion-de-la-calle-ojinaga-con-inversion-conjunta-del-gobierno-del-estado-y-el-gobierno-municipal\/","title":{"rendered":"Arranca la pavimentaci\u00f3n de la calle Ojinaga con inversi\u00f3n conjunta del Gobierno del Estado y el Gobierno Municipal."},"content":{"rendered":"<p>El presidente municipal, Jorge Aldana, en conjunto con Jorge Puentes, coordinador de Desarrollo Municipal del Gobierno del Estado, dieron el arranque oficial a los trabajos de pavimentaci\u00f3n de la calle Ojinaga, una obra que beneficiar\u00e1 a vecinos, comercios y automovilistas que diariamente transitan por esta vialidad clave para el desarrollo de la ciudad.<\/p>\n<p>La calle Ojinaga tiene gran importancia para el sector empresarial de Camargo, ya que en esta zona se encuentran establecimientos como Coppel, Soriana y el Hospital Regional, lo que la convierte en un punto de alto flujo vehicular y peatonal.<\/p>\n<p>Esta obra se realiza gracias a una inversi\u00f3n conjunta entre el Gobierno del Estado y el Gobierno Municipal, sumando esfuerzos para mejorar la infraestructura urbana y ofrecer mejores condiciones de tr\u00e1nsito y seguridad.<\/p>\n<p>Durante el arranque, el alcalde destac\u00f3 la importancia de coordinar recursos y voluntades para responder a una de las demandas m\u00e1s sentidas de la poblaci\u00f3n.<\/p>\n<p>\u201cNos comprometimos a mejorar las calles y hoy estamos cumpliendo. Esta pavimentaci\u00f3n no solo dar\u00e1 una mejor imagen a la zona, tambi\u00e9n facilitar\u00e1 la movilidad y la seguridad de quienes la utilizan todos los d\u00edas\u201d, expres\u00f3 Aldana.<\/p>\n<p>Con acciones como esta, se avanza en el mejoramiento de la infraestructura vial de Camargo, trabajando de la mano entre los tres niveles de gobierno para lograr obras de impacto positivo.<\/p>\n","protected":false},"excerpt":{"rendered":"<p>El presidente municipal, Jorge Aldana, en conjunto con Jorge Puentes, coordinador de Desarrollo Municipal del Gobierno del Estado, dieron el arranque oficial a los trabajos de pavimentaci\u00f3n de la calle Ojinaga, una obra que beneficiar\u00e1 a vecinos, comercios y automovilistas que diariamente transitan por esta vialidad clave para el desarrollo de la ciudad. La calle Ojinaga tiene gran importancia para el sector empresarial de Camargo, ya que en esta zona se encuentran establecimientos como Coppel, Soriana y el Hospital Regional, lo que la convierte en un punto de alto flujo vehicular y peatonal. Esta obra se realiza gracias a una inversi\u00f3n conjunta entre el Gobierno del Estado y el Gobierno Municipal, sumando esfuerzos para mejorar la infraestructura urbana y ofrecer mejores condiciones de tr\u00e1nsito y seguridad. Durante el arranque, el alcalde destac\u00f3 la importancia de coordinar recursos y voluntades para responder a una de las demandas m\u00e1s sentidas de la poblaci\u00f3n. \u201cNos comprometimos a mejorar las calles y hoy estamos cumpliendo. Esta pavimentaci\u00f3n no solo dar\u00e1 una mejor imagen a la zona, tambi\u00e9n facilitar\u00e1 la movilidad y la seguridad de quienes la utilizan todos los d\u00edas\u201d, expres\u00f3 Aldana. Con acciones como esta, se avanza en el mejoramiento de la infraestructura vial de Camargo, trabajando de la mano entre los tres niveles de gobierno para lograr obras de impacto positivo.<\/p>\n","protected":false},"author":2,"featured_media":16591,"comment_status":"open","ping_status":"open","sticky":false,"template":"","format":"standard","meta":{"_monsterinsights_skip_tracking":false,"_monsterinsights_sitenote_active":false,"_monsterinsights_sitenote_note":"","_monsterinsights_sitenote_category":0,"advanced_seo_description":"","jetpack_seo_html_title":"","jetpack_seo_noindex":false,"_jetpack_memberships_contains_paid_content":false,"footnotes":"","jetpack_publicize_message":"","jetpack_publicize_feature_enabled":true,"jetpack_social_post_already_shared":true,"jetpack_social_options":{"image_generator_settings":{"template":"highway","enabled":false},"version":2}},"categories":[8,135,11],"tags":[],"class_list":["post-16590","post","type-post","status-publish","format-standard","has-post-thumbnail","hentry","category-estado","category-lo-mas-leido","category-principal"],"jetpack_publicize_connections":[],"jetpack_sharing_enabled":true,"jetpack_featured_media_url":"https:\/\/i0.wp.com\/alcierrenoticias.com\/wp-content\/uploads\/2025\/08\/WhatsApp-Image-2025-07-30-at-8.15.51-PM.jpeg?fit=1600%2C1066&ssl=1","amp_enabled":true,"_links":{"self":[{"href":"https:\/\/alcierrenoticias.com\/index.php\/wp-json\/wp\/v2\/posts\/16590","targetHints":{"allow":["GET"]}}],"collection":[{"href":"https:\/\/alcierrenoticias.com\/index.php\/wp-json\/wp\/v2\/posts"}],"about":[{"href":"https:\/\/alcierrenoticias.com\/index.php\/wp-json\/wp\/v2\/types\/post"}],"author":[{"embeddable":true,"href":"https:\/\/alcierrenoticias.com\/index.php\/wp-json\/wp\/v2\/users\/2"}],"replies":[{"embeddable":true,"href":"https:\/\/alcierrenoticias.com\/index.php\/wp-json\/wp\/v2\/comments?post=16590"}],"version-history":[{"count":2,"href":"https:\/\/alcierrenoticias.com\/index.php\/wp-json\/wp\/v2\/posts\/16590\/revisions"}],"predecessor-version":[{"id":16593,"href":"https:\/\/alcierrenoticias.com\/index.php\/wp-json\/wp\/v2\/posts\/16590\/revisions\/16593"}],"wp:featuredmedia":[{"embeddable":true,"href":"https:\/\/alcierrenoticias.com\/index.php\/wp-json\/wp\/v2\/media\/16591"}],"wp:attachment":[{"href":"https:\/\/alcierrenoticias.com\/index.php\/wp-json\/wp\/v2\/media?parent=16590"}],"wp:term":[{"taxonomy":"category","embeddable":true,"href":"https:\/\/alcierrenoticias.com\/index.php\/wp-json\/wp\/v2\/categories?post=16590"},{"taxonomy":"post_tag","embeddable":true,"href":"https:\/\/alcierrenoticias.com\/index.php\/wp-json\/wp\/v2\/tags?post=16590"}],"curies":[{"name":"wp","href":"https:\/\/api.w.org\/{rel}","templated":true}]}}