{"id":16571,"date":"2025-07-29T15:07:47","date_gmt":"2025-07-29T21:07:47","guid":{"rendered":"https:\/\/alcierrenoticias.com\/?p=16571"},"modified":"2025-07-30T13:56:50","modified_gmt":"2025-07-30T19:56:50","slug":"entrega-jorge-aldana-cheques-de-la-ultima-etapa-del-programa-de-empleo-temporal-se-gestiona-una-segunda-etapa","status":"publish","type":"post","link":"https:\/\/alcierrenoticias.com\/index.php\/2025\/07\/29\/entrega-jorge-aldana-cheques-de-la-ultima-etapa-del-programa-de-empleo-temporal-se-gestiona-una-segunda-etapa\/","title":{"rendered":"Entrega Jorge Aldana cheques de la \u00faltima etapa del programa de empleo temporal; Se gestiona una segunda etapa."},"content":{"rendered":"<p>El presidente municipal Jorge Aldana encabez\u00f3 la entrega de cheques correspondientes a la \u00faltima etapa del Programa de Empleo Temporal, acci\u00f3n con la que se apoy\u00f3 a decenas de familias que participaron en labores de mejora en distintos espacios p\u00fablicos.<\/p>\n<p>Durante la entrega, Aldana destac\u00f3 que este programa ha representado un importante respaldo econ\u00f3mico para personas que, al mismo tiempo, contribuyeron a realizar trabajos de limpieza, rehabilitaci\u00f3n y mantenimiento en diversos puntos de la ciudad.<\/p>\n<p>\u201cEstamos muy contentos de cumplir con esta \u00faltima etapa, y al mismo tiempo ya estamos realizando las gestiones necesarias para lograr una segunda etapa de este programa, porque sabemos que este tipo de apoyos hacen una diferencia en los hogares\u201d, se\u00f1al\u00f3 el alcalde.<\/p>\n<p>El programa de empleo temporal ha permitido fortalecer \u00e1reas urbanas y servicios b\u00e1sicos, al tiempo que genera ingresos directos para los participantes.<\/p>\n","protected":false},"excerpt":{"rendered":"<p>El presidente municipal Jorge Aldana encabez\u00f3 la entrega de cheques correspondientes a la \u00faltima etapa del Programa de Empleo Temporal, acci\u00f3n con la que se apoy\u00f3 a decenas de familias que participaron en labores de mejora en distintos espacios p\u00fablicos. Durante la entrega, Aldana destac\u00f3 que este programa ha representado un importante respaldo econ\u00f3mico para personas que, al mismo tiempo, contribuyeron a realizar trabajos de limpieza, rehabilitaci\u00f3n y mantenimiento en diversos puntos de la ciudad. \u201cEstamos muy contentos de cumplir con esta \u00faltima etapa, y al mismo tiempo ya estamos realizando las gestiones necesarias para lograr una segunda etapa de este programa, porque sabemos que este tipo de apoyos hacen una diferencia en los hogares\u201d, se\u00f1al\u00f3 el alcalde. El programa de empleo temporal ha permitido fortalecer \u00e1reas urbanas y servicios b\u00e1sicos, al tiempo que genera ingresos directos para los participantes.<\/p>\n","protected":false},"author":2,"featured_media":16572,"comment_status":"open","ping_status":"open","sticky":false,"template":"","format":"standard","meta":{"_monsterinsights_skip_tracking":false,"_monsterinsights_sitenote_active":false,"_monsterinsights_sitenote_note":"","_monsterinsights_sitenote_category":0,"advanced_seo_description":"","jetpack_seo_html_title":"","jetpack_seo_noindex":false,"_jetpack_memberships_contains_paid_content":false,"footnotes":"","jetpack_publicize_message":"","jetpack_publicize_feature_enabled":true,"jetpack_social_post_already_shared":true,"jetpack_social_options":{"image_generator_settings":{"template":"highway","enabled":false},"version":2}},"categories":[8,135,11],"tags":[],"class_list":["post-16571","post","type-post","status-publish","format-standard","has-post-thumbnail","hentry","category-estado","category-lo-mas-leido","category-principal"],"jetpack_publicize_connections":[],"jetpack_sharing_enabled":true,"jetpack_featured_media_url":"https:\/\/i0.wp.com\/alcierrenoticias.com\/wp-content\/uploads\/2025\/07\/WhatsApp-Image-2025-07-29-at-2.58.55-PM.jpeg?fit=1600%2C1066&ssl=1","amp_enabled":true,"_links":{"self":[{"href":"https:\/\/alcierrenoticias.com\/index.php\/wp-json\/wp\/v2\/posts\/16571","targetHints":{"allow":["GET"]}}],"collection":[{"href":"https:\/\/alcierrenoticias.com\/index.php\/wp-json\/wp\/v2\/posts"}],"about":[{"href":"https:\/\/alcierrenoticias.com\/index.php\/wp-json\/wp\/v2\/types\/post"}],"author":[{"embeddable":true,"href":"https:\/\/alcierrenoticias.com\/index.php\/wp-json\/wp\/v2\/users\/2"}],"replies":[{"embeddable":true,"href":"https:\/\/alcierrenoticias.com\/index.php\/wp-json\/wp\/v2\/comments?post=16571"}],"version-history":[{"count":2,"href":"https:\/\/alcierrenoticias.com\/index.php\/wp-json\/wp\/v2\/posts\/16571\/revisions"}],"predecessor-version":[{"id":16574,"href":"https:\/\/alcierrenoticias.com\/index.php\/wp-json\/wp\/v2\/posts\/16571\/revisions\/16574"}],"wp:featuredmedia":[{"embeddable":true,"href":"https:\/\/alcierrenoticias.com\/index.php\/wp-json\/wp\/v2\/media\/16572"}],"wp:attachment":[{"href":"https:\/\/alcierrenoticias.com\/index.php\/wp-json\/wp\/v2\/media?parent=16571"}],"wp:term":[{"taxonomy":"category","embeddable":true,"href":"https:\/\/alcierrenoticias.com\/index.php\/wp-json\/wp\/v2\/categories?post=16571"},{"taxonomy":"post_tag","embeddable":true,"href":"https:\/\/alcierrenoticias.com\/index.php\/wp-json\/wp\/v2\/tags?post=16571"}],"curies":[{"name":"wp","href":"https:\/\/api.w.org\/{rel}","templated":true}]}}