{"id":16563,"date":"2025-07-28T18:02:29","date_gmt":"2025-07-29T00:02:29","guid":{"rendered":"https:\/\/alcierrenoticias.com\/?p=16563"},"modified":"2025-07-30T13:51:23","modified_gmt":"2025-07-30T19:51:23","slug":"municipio-de-camargo-refuerza-labores-de-bacheo-en-la-calle-pedro-moreno-con-el-programa-tache-a-cada-bache","status":"publish","type":"post","link":"https:\/\/alcierrenoticias.com\/index.php\/2025\/07\/28\/municipio-de-camargo-refuerza-labores-de-bacheo-en-la-calle-pedro-moreno-con-el-programa-tache-a-cada-bache\/","title":{"rendered":"Municipio de Camargo refuerza labores de bacheo en la calle Pedro Moreno con el programa \u201cTache a cada bache\u201d"},"content":{"rendered":"<p>Con el firme compromiso de mejorar la vialidad urbana, el Gobierno Municipal, a trav\u00e9s de su programa \u201cTache a Cada Bache\u201d, anuncia el inicio de los trabajos de bacheo definitivos en la calle Pedro Moreno.<\/p>\n<p>Este operativo contempla cortes de baches existentes, seguidos por la aplicaci\u00f3n de mezcla asf\u00e1ltica para su sellado efectivo.<\/p>\n<p>La calle Pedro Moreno se suma a otras vialidades ya atendidas recientemente como Guillermo Prieto, Abasolo, Constituci\u00f3n y Mina.<\/p>\n<p>Este esfuerzo continuar\u00e1 con mayor intensidad en puntos cr\u00edticos previamente identificados<br \/>\nEl presidente municipal, Jorge Aldana, ha reiterado la prioridad de resolver las deficiencias en las vialidades m\u00e1s transitadas, subrayando que el bacheo se mantendr\u00e1 activo hasta cubrir todas las zonas reportadas por la ciudadan\u00eda.<\/p>\n","protected":false},"excerpt":{"rendered":"<p>Con el firme compromiso de mejorar la vialidad urbana, el Gobierno Municipal, a trav\u00e9s de su programa \u201cTache a Cada Bache\u201d, anuncia el inicio de los trabajos de bacheo definitivos en la calle Pedro Moreno. Este operativo contempla cortes de baches existentes, seguidos por la aplicaci\u00f3n de mezcla asf\u00e1ltica para su sellado efectivo. La calle Pedro Moreno se suma a otras vialidades ya atendidas recientemente como Guillermo Prieto, Abasolo, Constituci\u00f3n y Mina. Este esfuerzo continuar\u00e1 con mayor intensidad en puntos cr\u00edticos previamente identificados El presidente municipal, Jorge Aldana, ha reiterado la prioridad de resolver las deficiencias en las vialidades m\u00e1s transitadas, subrayando que el bacheo se mantendr\u00e1 activo hasta cubrir todas las zonas reportadas por la ciudadan\u00eda.<\/p>\n","protected":false},"author":2,"featured_media":16564,"comment_status":"open","ping_status":"open","sticky":false,"template":"","format":"standard","meta":{"_monsterinsights_skip_tracking":false,"_monsterinsights_sitenote_active":false,"_monsterinsights_sitenote_note":"","_monsterinsights_sitenote_category":0,"advanced_seo_description":"","jetpack_seo_html_title":"","jetpack_seo_noindex":false,"_jetpack_memberships_contains_paid_content":false,"footnotes":"","jetpack_publicize_message":"","jetpack_publicize_feature_enabled":true,"jetpack_social_post_already_shared":true,"jetpack_social_options":{"image_generator_settings":{"template":"highway","enabled":false},"version":2}},"categories":[8,135,11],"tags":[],"class_list":["post-16563","post","type-post","status-publish","format-standard","has-post-thumbnail","hentry","category-estado","category-lo-mas-leido","category-principal"],"jetpack_publicize_connections":[],"jetpack_sharing_enabled":true,"jetpack_featured_media_url":"https:\/\/i0.wp.com\/alcierrenoticias.com\/wp-content\/uploads\/2025\/07\/WhatsApp-Image-2025-07-28-at-10.00.41-PM-1.jpeg?fit=1600%2C1200&ssl=1","amp_enabled":true,"_links":{"self":[{"href":"https:\/\/alcierrenoticias.com\/index.php\/wp-json\/wp\/v2\/posts\/16563","targetHints":{"allow":["GET"]}}],"collection":[{"href":"https:\/\/alcierrenoticias.com\/index.php\/wp-json\/wp\/v2\/posts"}],"about":[{"href":"https:\/\/alcierrenoticias.com\/index.php\/wp-json\/wp\/v2\/types\/post"}],"author":[{"embeddable":true,"href":"https:\/\/alcierrenoticias.com\/index.php\/wp-json\/wp\/v2\/users\/2"}],"replies":[{"embeddable":true,"href":"https:\/\/alcierrenoticias.com\/index.php\/wp-json\/wp\/v2\/comments?post=16563"}],"version-history":[{"count":2,"href":"https:\/\/alcierrenoticias.com\/index.php\/wp-json\/wp\/v2\/posts\/16563\/revisions"}],"predecessor-version":[{"id":16566,"href":"https:\/\/alcierrenoticias.com\/index.php\/wp-json\/wp\/v2\/posts\/16563\/revisions\/16566"}],"wp:featuredmedia":[{"embeddable":true,"href":"https:\/\/alcierrenoticias.com\/index.php\/wp-json\/wp\/v2\/media\/16564"}],"wp:attachment":[{"href":"https:\/\/alcierrenoticias.com\/index.php\/wp-json\/wp\/v2\/media?parent=16563"}],"wp:term":[{"taxonomy":"category","embeddable":true,"href":"https:\/\/alcierrenoticias.com\/index.php\/wp-json\/wp\/v2\/categories?post=16563"},{"taxonomy":"post_tag","embeddable":true,"href":"https:\/\/alcierrenoticias.com\/index.php\/wp-json\/wp\/v2\/tags?post=16563"}],"curies":[{"name":"wp","href":"https:\/\/api.w.org\/{rel}","templated":true}]}}