{"id":16532,"date":"2025-07-26T14:18:35","date_gmt":"2025-07-26T20:18:35","guid":{"rendered":"https:\/\/alcierrenoticias.com\/?p=16532"},"modified":"2025-07-28T18:50:28","modified_gmt":"2025-07-29T00:50:28","slug":"arranca-miriam-soto-pavimentacion-de-calles-18-de-marzo-y-16-de-septiembre-en-lazaro-cardenas","status":"publish","type":"post","link":"https:\/\/alcierrenoticias.com\/index.php\/2025\/07\/26\/arranca-miriam-soto-pavimentacion-de-calles-18-de-marzo-y-16-de-septiembre-en-lazaro-cardenas\/","title":{"rendered":"Arranca Miriam Soto pavimentaci\u00f3n de calles 18 de Marzo y 16 de Septiembre en L\u00e1zaro C\u00e1rdenas."},"content":{"rendered":"<p>Invierte Gobierno Municipal 1.7 MDP y contar\u00e1 con rehabilitaci\u00f3n de tomas y descargas por la JRAS<\/p>\n<p>La alcaldesa Miriam Soto dio arranque a una obra de pavimentaci\u00f3n en el cruce de las calles 18 de Marzo y 16 de Septiembre, justo frente a la Escuela Primaria Federal L\u00e1zaro C\u00e1rdenas, obra que busca mejorar la infraestructura urbana y garantizar un entorno seguro para estudiantes y habitantes del seccional de L\u00e1zaro C\u00e1rdenas, contando con una inversi\u00f3n de 1.7 millones de pesos con recurso municipal.<\/p>\n<p>\u201cEstamos priorizando las obras que se encuentran cerca de centros educativos, y en este punto en espec\u00edfico es muy necesario, ya que cada vez que llueve esta zona se inunda, corre el agua como si fuera arroyo\u201d, expres\u00f3 la alcaldesa durante el inicio de los trabajos.<\/p>\n<p>Asimismo, mencion\u00f3 que contar\u00e1 con trabajos de la Junta Rural de Agua y Saneamiento de L\u00e1zaro C\u00e1rdenas de rehabilitaci\u00f3n de tomas y descargas, con el objetivo de asegurar una mayor durabilidad en la pavimentaci\u00f3n.<\/p>\n<p>\u201cNos da mucho gusto poder realizar este tipo de inversiones, primero porque atiende una necesidad real de la comunidad, y segundo porque estamos dejando todo listo desde abajo para que el trabajo permanezca por muchos a\u00f1os\u201d, agreg\u00f3 la presidenta municipal.<\/p>\n<p>Adem\u00e1s de esta obra, Miriam Soto record\u00f3 que recientemente arrancaron la construcci\u00f3n de 30 cuartos dormitorios, de los cuales 8 pertenecen a este seccional. Asimismo, adelant\u00f3 que continuar\u00e1n ejecutando m\u00e1s proyectos de obra p\u00fablica en la zona.<\/p>\n<p>Finalmente, destac\u00f3 que este tipo de acciones tambi\u00e9n se logran gracias a la participaci\u00f3n de la ciudadan\u00eda mediante el pago del impuesto predial, recurso que permite financiar tanto obras como programas sociales, entre ellos, la entrega de uniformes, calzado gratuito y becas universitarias.<\/p>\n<p>\u201cTodas las comunidades son Meoqui. Trabajamos para llegar a cada rinc\u00f3n y hacer rendir los recursos, y el seccional de L\u00e1zaro C\u00e1rdenas siempre ha sido una prioridad\u201d, concluy\u00f3.<\/p>\n","protected":false},"excerpt":{"rendered":"<p>Invierte Gobierno Municipal 1.7 MDP y contar\u00e1 con rehabilitaci\u00f3n de tomas y descargas por la JRAS La alcaldesa Miriam Soto dio arranque a una obra de pavimentaci\u00f3n en el cruce de las calles 18 de Marzo y 16 de Septiembre, justo frente a la Escuela Primaria Federal L\u00e1zaro C\u00e1rdenas, obra que busca mejorar la infraestructura urbana y garantizar un entorno seguro para estudiantes y habitantes del seccional de L\u00e1zaro C\u00e1rdenas, contando con una inversi\u00f3n de 1.7 millones de pesos con recurso municipal. \u201cEstamos priorizando las obras que se encuentran cerca de centros educativos, y en este punto en espec\u00edfico es muy necesario, ya que cada vez que llueve esta zona se inunda, corre el agua como si fuera arroyo\u201d, expres\u00f3 la alcaldesa durante el inicio de los trabajos. Asimismo, mencion\u00f3 que contar\u00e1 con trabajos de la Junta Rural de Agua y Saneamiento de L\u00e1zaro C\u00e1rdenas de rehabilitaci\u00f3n de tomas y descargas, con el objetivo de asegurar una mayor durabilidad en la pavimentaci\u00f3n. \u201cNos da mucho gusto poder realizar este tipo de inversiones, primero porque atiende una necesidad real de la comunidad, y segundo porque estamos dejando todo listo desde abajo para que el trabajo permanezca por muchos a\u00f1os\u201d, agreg\u00f3 la presidenta municipal. Adem\u00e1s de esta obra, Miriam Soto record\u00f3 que recientemente arrancaron la construcci\u00f3n de 30 cuartos dormitorios, de los cuales 8 pertenecen a este seccional. Asimismo, adelant\u00f3 que continuar\u00e1n ejecutando m\u00e1s proyectos de obra p\u00fablica en la zona. Finalmente, destac\u00f3 que este tipo de acciones tambi\u00e9n se logran gracias a la participaci\u00f3n de la ciudadan\u00eda mediante el pago del impuesto predial, recurso que permite financiar tanto obras como programas sociales, entre ellos, la entrega de uniformes, calzado gratuito y becas universitarias. \u201cTodas las comunidades son Meoqui. Trabajamos para llegar a cada rinc\u00f3n y hacer rendir los recursos, y el seccional de L\u00e1zaro C\u00e1rdenas siempre ha sido una prioridad\u201d, concluy\u00f3.<\/p>\n","protected":false},"author":2,"featured_media":16533,"comment_status":"open","ping_status":"open","sticky":false,"template":"","format":"standard","meta":{"_monsterinsights_skip_tracking":false,"_monsterinsights_sitenote_active":false,"_monsterinsights_sitenote_note":"","_monsterinsights_sitenote_category":0,"advanced_seo_description":"","jetpack_seo_html_title":"","jetpack_seo_noindex":false,"_jetpack_memberships_contains_paid_content":false,"footnotes":"","jetpack_publicize_message":"","jetpack_publicize_feature_enabled":true,"jetpack_social_post_already_shared":true,"jetpack_social_options":{"image_generator_settings":{"template":"highway","enabled":false},"version":2}},"categories":[135,7,11],"tags":[],"class_list":["post-16532","post","type-post","status-publish","format-standard","has-post-thumbnail","hentry","category-lo-mas-leido","category-local","category-principal"],"jetpack_publicize_connections":[],"jetpack_sharing_enabled":true,"jetpack_featured_media_url":"https:\/\/i0.wp.com\/alcierrenoticias.com\/wp-content\/uploads\/2025\/07\/WhatsApp-Image-2025-07-26-at-2.17.50-PM.jpeg?fit=1280%2C853&ssl=1","amp_enabled":true,"_links":{"self":[{"href":"https:\/\/alcierrenoticias.com\/index.php\/wp-json\/wp\/v2\/posts\/16532","targetHints":{"allow":["GET"]}}],"collection":[{"href":"https:\/\/alcierrenoticias.com\/index.php\/wp-json\/wp\/v2\/posts"}],"about":[{"href":"https:\/\/alcierrenoticias.com\/index.php\/wp-json\/wp\/v2\/types\/post"}],"author":[{"embeddable":true,"href":"https:\/\/alcierrenoticias.com\/index.php\/wp-json\/wp\/v2\/users\/2"}],"replies":[{"embeddable":true,"href":"https:\/\/alcierrenoticias.com\/index.php\/wp-json\/wp\/v2\/comments?post=16532"}],"version-history":[{"count":2,"href":"https:\/\/alcierrenoticias.com\/index.php\/wp-json\/wp\/v2\/posts\/16532\/revisions"}],"predecessor-version":[{"id":16535,"href":"https:\/\/alcierrenoticias.com\/index.php\/wp-json\/wp\/v2\/posts\/16532\/revisions\/16535"}],"wp:featuredmedia":[{"embeddable":true,"href":"https:\/\/alcierrenoticias.com\/index.php\/wp-json\/wp\/v2\/media\/16533"}],"wp:attachment":[{"href":"https:\/\/alcierrenoticias.com\/index.php\/wp-json\/wp\/v2\/media?parent=16532"}],"wp:term":[{"taxonomy":"category","embeddable":true,"href":"https:\/\/alcierrenoticias.com\/index.php\/wp-json\/wp\/v2\/categories?post=16532"},{"taxonomy":"post_tag","embeddable":true,"href":"https:\/\/alcierrenoticias.com\/index.php\/wp-json\/wp\/v2\/tags?post=16532"}],"curies":[{"name":"wp","href":"https:\/\/api.w.org\/{rel}","templated":true}]}}