{"id":16514,"date":"2025-07-24T21:10:53","date_gmt":"2025-07-25T03:10:53","guid":{"rendered":"https:\/\/alcierrenoticias.com\/?p=16514"},"modified":"2025-07-25T13:47:35","modified_gmt":"2025-07-25T19:47:35","slug":"inicia-municipio-trabajos-de-bacheo-en-la-avenida-juarez","status":"publish","type":"post","link":"https:\/\/alcierrenoticias.com\/index.php\/2025\/07\/24\/inicia-municipio-trabajos-de-bacheo-en-la-avenida-juarez\/","title":{"rendered":"Inicia municipio trabajos de bacheo en la avenida Ju\u00e1rez."},"content":{"rendered":"<p>El Gobierno Municipal de Camargo dio inicio a los trabajos de bacheo en la avenida Ju\u00e1rez, una de las vialidades m\u00e1s transitadas de la ciudad, con el objetivo de mejorar la seguridad y condiciones de circulaci\u00f3n para automovilistas y peatones.<\/p>\n<p>Este arranque forma parte del programa permanente de mantenimiento de calles, mediante el cual se atienden los reportes ciudadanos y se priorizan las zonas con mayor afectaci\u00f3n. El personal de Obras P\u00fablicas trabaja por tramos para evitar cierres totales y agilizar la rehabilitaci\u00f3n del pavimento.<\/p>\n<p>\u201cNos comprometimos a mejorar las calles de Camargo, y este tipo de acciones lo reflejan. Vamos paso a paso, atendiendo las necesidades reales de la gente\u201d, se\u00f1al\u00f3 el presidente municipal Jorge Aldana.<\/p>\n<p>Se pide a la ciudadan\u00eda tomar precauciones al circular por la zona y seguir las indicaciones del personal que se encuentra realizando las labores.<\/p>\n","protected":false},"excerpt":{"rendered":"<p>El Gobierno Municipal de Camargo dio inicio a los trabajos de bacheo en la avenida Ju\u00e1rez, una de las vialidades m\u00e1s transitadas de la ciudad, con el objetivo de mejorar la seguridad y condiciones de circulaci\u00f3n para automovilistas y peatones. Este arranque forma parte del programa permanente de mantenimiento de calles, mediante el cual se atienden los reportes ciudadanos y se priorizan las zonas con mayor afectaci\u00f3n. El personal de Obras P\u00fablicas trabaja por tramos para evitar cierres totales y agilizar la rehabilitaci\u00f3n del pavimento. \u201cNos comprometimos a mejorar las calles de Camargo, y este tipo de acciones lo reflejan. Vamos paso a paso, atendiendo las necesidades reales de la gente\u201d, se\u00f1al\u00f3 el presidente municipal Jorge Aldana. Se pide a la ciudadan\u00eda tomar precauciones al circular por la zona y seguir las indicaciones del personal que se encuentra realizando las labores.<\/p>\n","protected":false},"author":2,"featured_media":16515,"comment_status":"open","ping_status":"open","sticky":false,"template":"","format":"standard","meta":{"_monsterinsights_skip_tracking":false,"_monsterinsights_sitenote_active":false,"_monsterinsights_sitenote_note":"","_monsterinsights_sitenote_category":0,"advanced_seo_description":"","jetpack_seo_html_title":"","jetpack_seo_noindex":false,"_jetpack_memberships_contains_paid_content":false,"footnotes":"","jetpack_publicize_message":"","jetpack_publicize_feature_enabled":true,"jetpack_social_post_already_shared":true,"jetpack_social_options":{"image_generator_settings":{"template":"highway","enabled":false},"version":2}},"categories":[8,135,11],"tags":[],"class_list":["post-16514","post","type-post","status-publish","format-standard","has-post-thumbnail","hentry","category-estado","category-lo-mas-leido","category-principal"],"jetpack_publicize_connections":[],"jetpack_sharing_enabled":true,"jetpack_featured_media_url":"https:\/\/i0.wp.com\/alcierrenoticias.com\/wp-content\/uploads\/2025\/07\/WhatsApp-Image-2025-07-24-at-11.39.34-PM-1.jpeg?fit=1200%2C800&ssl=1","amp_enabled":true,"_links":{"self":[{"href":"https:\/\/alcierrenoticias.com\/index.php\/wp-json\/wp\/v2\/posts\/16514","targetHints":{"allow":["GET"]}}],"collection":[{"href":"https:\/\/alcierrenoticias.com\/index.php\/wp-json\/wp\/v2\/posts"}],"about":[{"href":"https:\/\/alcierrenoticias.com\/index.php\/wp-json\/wp\/v2\/types\/post"}],"author":[{"embeddable":true,"href":"https:\/\/alcierrenoticias.com\/index.php\/wp-json\/wp\/v2\/users\/2"}],"replies":[{"embeddable":true,"href":"https:\/\/alcierrenoticias.com\/index.php\/wp-json\/wp\/v2\/comments?post=16514"}],"version-history":[{"count":2,"href":"https:\/\/alcierrenoticias.com\/index.php\/wp-json\/wp\/v2\/posts\/16514\/revisions"}],"predecessor-version":[{"id":16518,"href":"https:\/\/alcierrenoticias.com\/index.php\/wp-json\/wp\/v2\/posts\/16514\/revisions\/16518"}],"wp:featuredmedia":[{"embeddable":true,"href":"https:\/\/alcierrenoticias.com\/index.php\/wp-json\/wp\/v2\/media\/16515"}],"wp:attachment":[{"href":"https:\/\/alcierrenoticias.com\/index.php\/wp-json\/wp\/v2\/media?parent=16514"}],"wp:term":[{"taxonomy":"category","embeddable":true,"href":"https:\/\/alcierrenoticias.com\/index.php\/wp-json\/wp\/v2\/categories?post=16514"},{"taxonomy":"post_tag","embeddable":true,"href":"https:\/\/alcierrenoticias.com\/index.php\/wp-json\/wp\/v2\/tags?post=16514"}],"curies":[{"name":"wp","href":"https:\/\/api.w.org\/{rel}","templated":true}]}}