{"id":16456,"date":"2025-07-22T14:09:23","date_gmt":"2025-07-22T20:09:23","guid":{"rendered":"https:\/\/alcierrenoticias.com\/?p=16456"},"modified":"2025-07-22T23:10:58","modified_gmt":"2025-07-23T05:10:58","slug":"inicia-municipio-bacheo-emergente-en-el-callejon-lareno-en-camargo","status":"publish","type":"post","link":"https:\/\/alcierrenoticias.com\/index.php\/2025\/07\/22\/inicia-municipio-bacheo-emergente-en-el-callejon-lareno-en-camargo\/","title":{"rendered":"Inicia municipio bacheo emergente en el Callej\u00f3n Lare\u00f1o en Camargo."},"content":{"rendered":"<p>Ante el deterioro de la vialidad y las recientes condiciones climatol\u00f3gicas, el Gobierno Municipal de Camargo, a trav\u00e9s del programa &#8220;Tache a cada bache&#8221;, dio inicio a trabajos de bacheo emergente en el Callej\u00f3n Lare\u00f1o.<\/p>\n<p>Las cuadrillas de Obras P\u00fablicas comenzaron con estas labores como una soluci\u00f3n temporal para mejorar la circulaci\u00f3n vehicular y prevenir da\u00f1os mayores y cuando las condiciones climatol\u00f3gicas lo permitan llevar a cabo un bacheo permanente, como est\u00e1 previsto en el programa de mantenimiento de vialidades.<\/p>\n<p>El presidente municipal, Jorge Aldana, reiter\u00f3 el compromiso de la actual administraci\u00f3n con la atenci\u00f3n inmediata de reportes ciudadanos y el mejoramiento continuo de las calles en colonias, accesos y sectores de alta circulaci\u00f3n.<\/p>\n<p>&#8220;Sabemos que los baches representan un problema constante y m\u00e1s a\u00fan en temporada de lluvias, por eso nuestras cuadrillas est\u00e1n listas para actuar con trabajos emergentes, y posteriormente dejar las calles en \u00f3ptimas condiciones con un bacheo duradero&#8221;, se\u00f1al\u00f3.<\/p>\n<p>El municipio agradece la comprensi\u00f3n de las y los camarguenses durante el desarrollo de estas acciones y exhorta a conducir con precauci\u00f3n en las zonas intervenidas.<\/p>\n","protected":false},"excerpt":{"rendered":"<p>Ante el deterioro de la vialidad y las recientes condiciones climatol\u00f3gicas, el Gobierno Municipal de Camargo, a trav\u00e9s del programa &#8220;Tache a cada bache&#8221;, dio inicio a trabajos de bacheo emergente en el Callej\u00f3n Lare\u00f1o. Las cuadrillas de Obras P\u00fablicas comenzaron con estas labores como una soluci\u00f3n temporal para mejorar la circulaci\u00f3n vehicular y prevenir da\u00f1os mayores y cuando las condiciones climatol\u00f3gicas lo permitan llevar a cabo un bacheo permanente, como est\u00e1 previsto en el programa de mantenimiento de vialidades. El presidente municipal, Jorge Aldana, reiter\u00f3 el compromiso de la actual administraci\u00f3n con la atenci\u00f3n inmediata de reportes ciudadanos y el mejoramiento continuo de las calles en colonias, accesos y sectores de alta circulaci\u00f3n. &#8220;Sabemos que los baches representan un problema constante y m\u00e1s a\u00fan en temporada de lluvias, por eso nuestras cuadrillas est\u00e1n listas para actuar con trabajos emergentes, y posteriormente dejar las calles en \u00f3ptimas condiciones con un bacheo duradero&#8221;, se\u00f1al\u00f3. El municipio agradece la comprensi\u00f3n de las y los camarguenses durante el desarrollo de estas acciones y exhorta a conducir con precauci\u00f3n en las zonas intervenidas.<\/p>\n","protected":false},"author":2,"featured_media":16457,"comment_status":"open","ping_status":"open","sticky":false,"template":"","format":"standard","meta":{"_monsterinsights_skip_tracking":false,"_monsterinsights_sitenote_active":false,"_monsterinsights_sitenote_note":"","_monsterinsights_sitenote_category":0,"advanced_seo_description":"","jetpack_seo_html_title":"","jetpack_seo_noindex":false,"_jetpack_memberships_contains_paid_content":false,"footnotes":"","jetpack_publicize_message":"","jetpack_publicize_feature_enabled":true,"jetpack_social_post_already_shared":true,"jetpack_social_options":{"image_generator_settings":{"template":"highway","enabled":false},"version":2}},"categories":[8,135,11],"tags":[],"class_list":["post-16456","post","type-post","status-publish","format-standard","has-post-thumbnail","hentry","category-estado","category-lo-mas-leido","category-principal"],"jetpack_publicize_connections":[],"jetpack_sharing_enabled":true,"jetpack_featured_media_url":"https:\/\/i0.wp.com\/alcierrenoticias.com\/wp-content\/uploads\/2025\/07\/WhatsApp-Image-2025-07-22-at-2.02.32-PM.jpeg?fit=1600%2C901&ssl=1","amp_enabled":true,"_links":{"self":[{"href":"https:\/\/alcierrenoticias.com\/index.php\/wp-json\/wp\/v2\/posts\/16456","targetHints":{"allow":["GET"]}}],"collection":[{"href":"https:\/\/alcierrenoticias.com\/index.php\/wp-json\/wp\/v2\/posts"}],"about":[{"href":"https:\/\/alcierrenoticias.com\/index.php\/wp-json\/wp\/v2\/types\/post"}],"author":[{"embeddable":true,"href":"https:\/\/alcierrenoticias.com\/index.php\/wp-json\/wp\/v2\/users\/2"}],"replies":[{"embeddable":true,"href":"https:\/\/alcierrenoticias.com\/index.php\/wp-json\/wp\/v2\/comments?post=16456"}],"version-history":[{"count":2,"href":"https:\/\/alcierrenoticias.com\/index.php\/wp-json\/wp\/v2\/posts\/16456\/revisions"}],"predecessor-version":[{"id":16459,"href":"https:\/\/alcierrenoticias.com\/index.php\/wp-json\/wp\/v2\/posts\/16456\/revisions\/16459"}],"wp:featuredmedia":[{"embeddable":true,"href":"https:\/\/alcierrenoticias.com\/index.php\/wp-json\/wp\/v2\/media\/16457"}],"wp:attachment":[{"href":"https:\/\/alcierrenoticias.com\/index.php\/wp-json\/wp\/v2\/media?parent=16456"}],"wp:term":[{"taxonomy":"category","embeddable":true,"href":"https:\/\/alcierrenoticias.com\/index.php\/wp-json\/wp\/v2\/categories?post=16456"},{"taxonomy":"post_tag","embeddable":true,"href":"https:\/\/alcierrenoticias.com\/index.php\/wp-json\/wp\/v2\/tags?post=16456"}],"curies":[{"name":"wp","href":"https:\/\/api.w.org\/{rel}","templated":true}]}}