{"id":16436,"date":"2025-07-21T14:52:47","date_gmt":"2025-07-21T20:52:47","guid":{"rendered":"https:\/\/alcierrenoticias.com\/?p=16436"},"modified":"2025-07-21T22:54:06","modified_gmt":"2025-07-22T04:54:06","slug":"invitan-a-ninas-y-ninos-a-disfrutar-las-veraneadas-en-las-bibliotecas-de-delicias","status":"publish","type":"post","link":"https:\/\/alcierrenoticias.com\/index.php\/2025\/07\/21\/invitan-a-ninas-y-ninos-a-disfrutar-las-veraneadas-en-las-bibliotecas-de-delicias\/","title":{"rendered":"Invitan a ni\u00f1as y ni\u00f1os a disfrutar las veraneadas en las bibliotecas de Delicias."},"content":{"rendered":"<p>Con el objetivo de acercar a los ni\u00f1os al mundo de la lectura y la escritura, este lunes 21 de julio dieron inicio las veraneadas organizadas por el Gobierno Municipal de Delicias a trav\u00e9s de la Coordinaci\u00f3n de Cultura, en dos puntos clave: la Biblioteca Emiliano Zapata en la Unidad Presidentes y las instalaciones del Centro Cultural frente a la Plaza de la Rep\u00fablica.<\/p>\n<p>Mario Guill\u00e9n Porras, coordinador de Cultura, inform\u00f3 que estas veraneadas buscan que los ni\u00f1os ocupen de forma positiva su tiempo libre durante las vacaciones, desarrollando su creatividad y amor por los libros mediante juegos y actividades l\u00fadicas dise\u00f1adas para fortalecer su gusto por la lectura.<\/p>\n<p>Invit\u00f3 a los padres de familia a inscribir a sus hijos, ya que a\u00fan hay cupo disponible. Pueden participar ni\u00f1as y ni\u00f1os que ya sepan leer y que tengan hasta 12 a\u00f1os de edad. \u201cLos recibimos con mucho gusto, lo importante es que sepan leer y tengan ganas de aprender y divertirse\u201d, expres\u00f3 Mario Guill\u00e9n.<\/p>\n<p>Las actividades se desarrollan en un horario de 9 de la ma\u00f1ana a 12:00 del mediod\u00eda de lunes a viernes, durante dos semanas, en ambas sedes mencionadas. Se trata de un espacio seguro y formativo en el que los peque\u00f1os pueden aprender y socializar en un ambiente sano.<\/p>\n<p>El coordinador concluy\u00f3 reiterando la invitaci\u00f3n a las familias delicienses: \u201cLos esperamos tanto en el Centro Cultural como en la Biblioteca Emiliano Zapata. Esta es una oportunidad para que los ni\u00f1os disfruten sus vacaciones y desarrollen habilidades fundamentales para su vida\u201d.<\/p>\n","protected":false},"excerpt":{"rendered":"<p>Con el objetivo de acercar a los ni\u00f1os al mundo de la lectura y la escritura, este lunes 21 de julio dieron inicio las veraneadas organizadas por el Gobierno Municipal de Delicias a trav\u00e9s de la Coordinaci\u00f3n de Cultura, en dos puntos clave: la Biblioteca Emiliano Zapata en la Unidad Presidentes y las instalaciones del Centro Cultural frente a la Plaza de la Rep\u00fablica. Mario Guill\u00e9n Porras, coordinador de Cultura, inform\u00f3 que estas veraneadas buscan que los ni\u00f1os ocupen de forma positiva su tiempo libre durante las vacaciones, desarrollando su creatividad y amor por los libros mediante juegos y actividades l\u00fadicas dise\u00f1adas para fortalecer su gusto por la lectura. Invit\u00f3 a los padres de familia a inscribir a sus hijos, ya que a\u00fan hay cupo disponible. Pueden participar ni\u00f1as y ni\u00f1os que ya sepan leer y que tengan hasta 12 a\u00f1os de edad. \u201cLos recibimos con mucho gusto, lo importante es que sepan leer y tengan ganas de aprender y divertirse\u201d, expres\u00f3 Mario Guill\u00e9n. Las actividades se desarrollan en un horario de 9 de la ma\u00f1ana a 12:00 del mediod\u00eda de lunes a viernes, durante dos semanas, en ambas sedes mencionadas. Se trata de un espacio seguro y formativo en el que los peque\u00f1os pueden aprender y socializar en un ambiente sano. El coordinador concluy\u00f3 reiterando la invitaci\u00f3n a las familias delicienses: \u201cLos esperamos tanto en el Centro Cultural como en la Biblioteca Emiliano Zapata. Esta es una oportunidad para que los ni\u00f1os disfruten sus vacaciones y desarrollen habilidades fundamentales para su vida\u201d.<\/p>\n","protected":false},"author":2,"featured_media":16437,"comment_status":"open","ping_status":"open","sticky":false,"template":"","format":"standard","meta":{"_monsterinsights_skip_tracking":false,"_monsterinsights_sitenote_active":false,"_monsterinsights_sitenote_note":"","_monsterinsights_sitenote_category":0,"advanced_seo_description":"","jetpack_seo_html_title":"","jetpack_seo_noindex":false,"_jetpack_memberships_contains_paid_content":false,"footnotes":"","jetpack_publicize_message":"","jetpack_publicize_feature_enabled":true,"jetpack_social_post_already_shared":true,"jetpack_social_options":{"image_generator_settings":{"template":"highway","enabled":false},"version":2}},"categories":[135,7,11],"tags":[],"class_list":["post-16436","post","type-post","status-publish","format-standard","has-post-thumbnail","hentry","category-lo-mas-leido","category-local","category-principal"],"jetpack_publicize_connections":[],"jetpack_sharing_enabled":true,"jetpack_featured_media_url":"https:\/\/i0.wp.com\/alcierrenoticias.com\/wp-content\/uploads\/2025\/07\/WhatsApp-Image-2025-07-21-at-2.41.30-PM.jpeg?fit=1487%2C1031&ssl=1","amp_enabled":true,"_links":{"self":[{"href":"https:\/\/alcierrenoticias.com\/index.php\/wp-json\/wp\/v2\/posts\/16436","targetHints":{"allow":["GET"]}}],"collection":[{"href":"https:\/\/alcierrenoticias.com\/index.php\/wp-json\/wp\/v2\/posts"}],"about":[{"href":"https:\/\/alcierrenoticias.com\/index.php\/wp-json\/wp\/v2\/types\/post"}],"author":[{"embeddable":true,"href":"https:\/\/alcierrenoticias.com\/index.php\/wp-json\/wp\/v2\/users\/2"}],"replies":[{"embeddable":true,"href":"https:\/\/alcierrenoticias.com\/index.php\/wp-json\/wp\/v2\/comments?post=16436"}],"version-history":[{"count":2,"href":"https:\/\/alcierrenoticias.com\/index.php\/wp-json\/wp\/v2\/posts\/16436\/revisions"}],"predecessor-version":[{"id":16439,"href":"https:\/\/alcierrenoticias.com\/index.php\/wp-json\/wp\/v2\/posts\/16436\/revisions\/16439"}],"wp:featuredmedia":[{"embeddable":true,"href":"https:\/\/alcierrenoticias.com\/index.php\/wp-json\/wp\/v2\/media\/16437"}],"wp:attachment":[{"href":"https:\/\/alcierrenoticias.com\/index.php\/wp-json\/wp\/v2\/media?parent=16436"}],"wp:term":[{"taxonomy":"category","embeddable":true,"href":"https:\/\/alcierrenoticias.com\/index.php\/wp-json\/wp\/v2\/categories?post=16436"},{"taxonomy":"post_tag","embeddable":true,"href":"https:\/\/alcierrenoticias.com\/index.php\/wp-json\/wp\/v2\/tags?post=16436"}],"curies":[{"name":"wp","href":"https:\/\/api.w.org\/{rel}","templated":true}]}}