{"id":16340,"date":"2025-07-16T16:07:10","date_gmt":"2025-07-16T22:07:10","guid":{"rendered":"https:\/\/alcierrenoticias.com\/?p=16340"},"modified":"2025-07-17T13:00:00","modified_gmt":"2025-07-17T19:00:00","slug":"invita-el-municipio-de-camargo-a-la-academia-infantil-de-policia-2025","status":"publish","type":"post","link":"https:\/\/alcierrenoticias.com\/index.php\/2025\/07\/16\/invita-el-municipio-de-camargo-a-la-academia-infantil-de-policia-2025\/","title":{"rendered":"Invita el Municipio de Camargo a la Academia Infantil de Polic\u00eda 2025."},"content":{"rendered":"<p>El Gobierno Municipal de Camargo, en conjunto con la Secretar\u00eda de Seguridad P\u00fablica del Estado, invita a ni\u00f1as y ni\u00f1os de 7 a 12 a\u00f1os a participar en la Academia Infantil de Polic\u00eda 2025, una experiencia formativa y divertida que se realizar\u00e1 durante el periodo vacacional.<\/p>\n<p>Este programa tiene como objetivo acercar a las y los menores a las labores que desempe\u00f1an los cuerpos de seguridad, promoviendo valores como el respeto, la disciplina y la solidaridad. Durante la academia, las y los participantes podr\u00e1n conocer de cerca las funciones de los departamentos de Polic\u00eda, Vialidad, Bomberos y el Subcentro Centinela.<\/p>\n<p>Adem\u00e1s, se llevar\u00e1n a cabo actividades c\u00edvicas, f\u00edsicas, deportivas, danza, educaci\u00f3n vial, primeros auxilios y visitas guiadas a distintas instalaciones. Este a\u00f1o se contar\u00e1 con la participaci\u00f3n especial del Club de Voleibol \u201cCuervos\u201d, as\u00ed como con talleres de basquetbol y otras din\u00e1micas recreativas.<\/p>\n<p>El presidente municipal Jorge Aldana destac\u00f3 la importancia de este tipo de programas que fortalecen el v\u00ednculo entre la ni\u00f1ez y las instituciones, y reiter\u00f3 el compromiso de seguir impulsando actividades que fomenten una cultura de prevenci\u00f3n y participaci\u00f3n ciudadana desde temprana edad.<\/p>\n<p>La Academia Infantil de Polic\u00eda es totalmente gratuita y contar\u00e1 con cupo limitado para 120 ni\u00f1as y ni\u00f1os. Las inscripciones estar\u00e1n abiertas a partir del jueves 17 de julio y se realizar\u00e1n en el lobby del C7.<\/p>\n","protected":false},"excerpt":{"rendered":"<p>El Gobierno Municipal de Camargo, en conjunto con la Secretar\u00eda de Seguridad P\u00fablica del Estado, invita a ni\u00f1as y ni\u00f1os de 7 a 12 a\u00f1os a participar en la Academia Infantil de Polic\u00eda 2025, una experiencia formativa y divertida que se realizar\u00e1 durante el periodo vacacional. Este programa tiene como objetivo acercar a las y los menores a las labores que desempe\u00f1an los cuerpos de seguridad, promoviendo valores como el respeto, la disciplina y la solidaridad. Durante la academia, las y los participantes podr\u00e1n conocer de cerca las funciones de los departamentos de Polic\u00eda, Vialidad, Bomberos y el Subcentro Centinela. Adem\u00e1s, se llevar\u00e1n a cabo actividades c\u00edvicas, f\u00edsicas, deportivas, danza, educaci\u00f3n vial, primeros auxilios y visitas guiadas a distintas instalaciones. Este a\u00f1o se contar\u00e1 con la participaci\u00f3n especial del Club de Voleibol \u201cCuervos\u201d, as\u00ed como con talleres de basquetbol y otras din\u00e1micas recreativas. El presidente municipal Jorge Aldana destac\u00f3 la importancia de este tipo de programas que fortalecen el v\u00ednculo entre la ni\u00f1ez y las instituciones, y reiter\u00f3 el compromiso de seguir impulsando actividades que fomenten una cultura de prevenci\u00f3n y participaci\u00f3n ciudadana desde temprana edad. La Academia Infantil de Polic\u00eda es totalmente gratuita y contar\u00e1 con cupo limitado para 120 ni\u00f1as y ni\u00f1os. Las inscripciones estar\u00e1n abiertas a partir del jueves 17 de julio y se realizar\u00e1n en el lobby del C7.<\/p>\n","protected":false},"author":2,"featured_media":16341,"comment_status":"open","ping_status":"open","sticky":false,"template":"","format":"standard","meta":{"_monsterinsights_skip_tracking":false,"_monsterinsights_sitenote_active":false,"_monsterinsights_sitenote_note":"","_monsterinsights_sitenote_category":0,"advanced_seo_description":"","jetpack_seo_html_title":"","jetpack_seo_noindex":false,"_jetpack_memberships_contains_paid_content":false,"footnotes":"","jetpack_publicize_message":"","jetpack_publicize_feature_enabled":true,"jetpack_social_post_already_shared":true,"jetpack_social_options":{"image_generator_settings":{"template":"highway","enabled":false},"version":2}},"categories":[8,135,11],"tags":[],"class_list":["post-16340","post","type-post","status-publish","format-standard","has-post-thumbnail","hentry","category-estado","category-lo-mas-leido","category-principal"],"jetpack_publicize_connections":[],"jetpack_sharing_enabled":true,"jetpack_featured_media_url":"https:\/\/i0.wp.com\/alcierrenoticias.com\/wp-content\/uploads\/2025\/07\/WhatsApp-Image-2025-07-16-at-4.00.50-PM-e1752778793631.jpeg?fit=400%2C500&ssl=1","amp_enabled":true,"_links":{"self":[{"href":"https:\/\/alcierrenoticias.com\/index.php\/wp-json\/wp\/v2\/posts\/16340","targetHints":{"allow":["GET"]}}],"collection":[{"href":"https:\/\/alcierrenoticias.com\/index.php\/wp-json\/wp\/v2\/posts"}],"about":[{"href":"https:\/\/alcierrenoticias.com\/index.php\/wp-json\/wp\/v2\/types\/post"}],"author":[{"embeddable":true,"href":"https:\/\/alcierrenoticias.com\/index.php\/wp-json\/wp\/v2\/users\/2"}],"replies":[{"embeddable":true,"href":"https:\/\/alcierrenoticias.com\/index.php\/wp-json\/wp\/v2\/comments?post=16340"}],"version-history":[{"count":2,"href":"https:\/\/alcierrenoticias.com\/index.php\/wp-json\/wp\/v2\/posts\/16340\/revisions"}],"predecessor-version":[{"id":16344,"href":"https:\/\/alcierrenoticias.com\/index.php\/wp-json\/wp\/v2\/posts\/16340\/revisions\/16344"}],"wp:featuredmedia":[{"embeddable":true,"href":"https:\/\/alcierrenoticias.com\/index.php\/wp-json\/wp\/v2\/media\/16341"}],"wp:attachment":[{"href":"https:\/\/alcierrenoticias.com\/index.php\/wp-json\/wp\/v2\/media?parent=16340"}],"wp:term":[{"taxonomy":"category","embeddable":true,"href":"https:\/\/alcierrenoticias.com\/index.php\/wp-json\/wp\/v2\/categories?post=16340"},{"taxonomy":"post_tag","embeddable":true,"href":"https:\/\/alcierrenoticias.com\/index.php\/wp-json\/wp\/v2\/tags?post=16340"}],"curies":[{"name":"wp","href":"https:\/\/api.w.org\/{rel}","templated":true}]}}