{"id":16336,"date":"2025-07-16T16:05:03","date_gmt":"2025-07-16T22:05:03","guid":{"rendered":"https:\/\/alcierrenoticias.com\/?p=16336"},"modified":"2025-07-17T12:56:58","modified_gmt":"2025-07-17T18:56:58","slug":"entrega-jorge-aldana-y-dif-municipal-apoyos-alimentarios-en-comunidades-rurales-de-el-porvenir-y-las-virginias","status":"publish","type":"post","link":"https:\/\/alcierrenoticias.com\/index.php\/2025\/07\/16\/entrega-jorge-aldana-y-dif-municipal-apoyos-alimentarios-en-comunidades-rurales-de-el-porvenir-y-las-virginias\/","title":{"rendered":"Entrega Jorge Aldana y DIF Municipal apoyos alimentarios en comunidades rurales de El Porvenir y Las Virginias."},"content":{"rendered":"<p>Con el firme compromiso de continuar apoyando a las familias que m\u00e1s lo necesitan, el Ayuntamiento de Camargo, en coordinaci\u00f3n con el DIF Municipal, visit\u00f3 las comunidades rurales de El Porvenir y Las Virginias para entregar apoyos alimentarios.<\/p>\n<p>Durante esta jornada, se llev\u00f3 a cabo la entrega directa de despensas a las familias beneficiarias, adem\u00e1s de aprovechar la oportunidad para escuchar de cerca las peticiones y necesidades de los habitantes de ambas localidades. El equipo municipal atendi\u00f3 personalmente cada solicitud, reafirmando el compromiso de estar siempre cerca de la gente.<\/p>\n<p>\u201cEl trabajo que realizamos va m\u00e1s all\u00e1 de entregar apoyos; se trata de acompa\u00f1ar a la poblaci\u00f3n, atender sus inquietudes y responder con acciones concretas. Con m\u00e1s apoyos y el esfuerzo de todas y todos, juntos seguimos sumando para construir un mejor Camargo\u201d, se\u00f1al\u00f3 el presidente municipal.<\/p>\n<p>Este esfuerzo conjunto reafirma la voluntad de la administraci\u00f3n municipal y el DIF para fortalecer el bienestar social y promover la unidad en cada rinc\u00f3n del municipio.<\/p>\n","protected":false},"excerpt":{"rendered":"<p>Con el firme compromiso de continuar apoyando a las familias que m\u00e1s lo necesitan, el Ayuntamiento de Camargo, en coordinaci\u00f3n con el DIF Municipal, visit\u00f3 las comunidades rurales de El Porvenir y Las Virginias para entregar apoyos alimentarios. Durante esta jornada, se llev\u00f3 a cabo la entrega directa de despensas a las familias beneficiarias, adem\u00e1s de aprovechar la oportunidad para escuchar de cerca las peticiones y necesidades de los habitantes de ambas localidades. El equipo municipal atendi\u00f3 personalmente cada solicitud, reafirmando el compromiso de estar siempre cerca de la gente. \u201cEl trabajo que realizamos va m\u00e1s all\u00e1 de entregar apoyos; se trata de acompa\u00f1ar a la poblaci\u00f3n, atender sus inquietudes y responder con acciones concretas. Con m\u00e1s apoyos y el esfuerzo de todas y todos, juntos seguimos sumando para construir un mejor Camargo\u201d, se\u00f1al\u00f3 el presidente municipal. Este esfuerzo conjunto reafirma la voluntad de la administraci\u00f3n municipal y el DIF para fortalecer el bienestar social y promover la unidad en cada rinc\u00f3n del municipio.<\/p>\n","protected":false},"author":2,"featured_media":16337,"comment_status":"open","ping_status":"open","sticky":false,"template":"","format":"standard","meta":{"_monsterinsights_skip_tracking":false,"_monsterinsights_sitenote_active":false,"_monsterinsights_sitenote_note":"","_monsterinsights_sitenote_category":0,"advanced_seo_description":"","jetpack_seo_html_title":"","jetpack_seo_noindex":false,"_jetpack_memberships_contains_paid_content":false,"footnotes":"","jetpack_publicize_message":"","jetpack_publicize_feature_enabled":true,"jetpack_social_post_already_shared":true,"jetpack_social_options":{"image_generator_settings":{"template":"highway","enabled":false},"version":2}},"categories":[8,135,11],"tags":[],"class_list":["post-16336","post","type-post","status-publish","format-standard","has-post-thumbnail","hentry","category-estado","category-lo-mas-leido","category-principal"],"jetpack_publicize_connections":[],"jetpack_sharing_enabled":true,"jetpack_featured_media_url":"https:\/\/i0.wp.com\/alcierrenoticias.com\/wp-content\/uploads\/2025\/07\/WhatsApp-Image-2025-07-16-at-4.00.46-PM.jpeg?fit=1600%2C1066&ssl=1","amp_enabled":true,"_links":{"self":[{"href":"https:\/\/alcierrenoticias.com\/index.php\/wp-json\/wp\/v2\/posts\/16336","targetHints":{"allow":["GET"]}}],"collection":[{"href":"https:\/\/alcierrenoticias.com\/index.php\/wp-json\/wp\/v2\/posts"}],"about":[{"href":"https:\/\/alcierrenoticias.com\/index.php\/wp-json\/wp\/v2\/types\/post"}],"author":[{"embeddable":true,"href":"https:\/\/alcierrenoticias.com\/index.php\/wp-json\/wp\/v2\/users\/2"}],"replies":[{"embeddable":true,"href":"https:\/\/alcierrenoticias.com\/index.php\/wp-json\/wp\/v2\/comments?post=16336"}],"version-history":[{"count":1,"href":"https:\/\/alcierrenoticias.com\/index.php\/wp-json\/wp\/v2\/posts\/16336\/revisions"}],"predecessor-version":[{"id":16338,"href":"https:\/\/alcierrenoticias.com\/index.php\/wp-json\/wp\/v2\/posts\/16336\/revisions\/16338"}],"wp:featuredmedia":[{"embeddable":true,"href":"https:\/\/alcierrenoticias.com\/index.php\/wp-json\/wp\/v2\/media\/16337"}],"wp:attachment":[{"href":"https:\/\/alcierrenoticias.com\/index.php\/wp-json\/wp\/v2\/media?parent=16336"}],"wp:term":[{"taxonomy":"category","embeddable":true,"href":"https:\/\/alcierrenoticias.com\/index.php\/wp-json\/wp\/v2\/categories?post=16336"},{"taxonomy":"post_tag","embeddable":true,"href":"https:\/\/alcierrenoticias.com\/index.php\/wp-json\/wp\/v2\/tags?post=16336"}],"curies":[{"name":"wp","href":"https:\/\/api.w.org\/{rel}","templated":true}]}}