{"id":16320,"date":"2025-07-16T14:01:32","date_gmt":"2025-07-16T20:01:32","guid":{"rendered":"https:\/\/alcierrenoticias.com\/?p=16320"},"modified":"2025-07-17T12:44:42","modified_gmt":"2025-07-17T18:44:42","slug":"se-capacita-personal-proteccion-civil-y-bomberos-de-meoqui-en-manejo-de-emergencias-y-desastres-en-guadalajara-jal","status":"publish","type":"post","link":"https:\/\/alcierrenoticias.com\/index.php\/2025\/07\/16\/se-capacita-personal-proteccion-civil-y-bomberos-de-meoqui-en-manejo-de-emergencias-y-desastres-en-guadalajara-jal\/","title":{"rendered":"Se capacita personal Protecci\u00f3n Civil y Bomberos de Meoqui en manejo de emergencias y desastres en Guadalajara, Jal."},"content":{"rendered":"<p>Se replicar\u00e1 el conocimiento adquirido en la corporaci\u00f3n, trabajando con grupos de ni\u00f1os, j\u00f3venes y padres de familia en Meoqui.<\/p>\n<p>Con el objetivo de fortalecer las capacidades de atenci\u00f3n ante situaciones de emergencia y desastres, los elementos de Protecci\u00f3n Civil y Bomberos del municipio de Meoqui, Eduardo Guill\u00e9n y Mart\u00edn Orona, participan en un curso especializado que se realiza en el estado de Jalisco, del lunes 14 al jueves 17 de julio.<\/p>\n<p>As\u00ed lo inform\u00f3 el Comandante V\u00edctor Orona, director de Seguridad P\u00fablica Municipal, quien destac\u00f3 que esta capacitaci\u00f3n tiene como finalidad preparar instructores locales mediante la aplicaci\u00f3n de t\u00e9cnicas de ense\u00f1anza interactivas en temas relacionados con emergencias.<\/p>\n<p>\u201cEl contenido de estos cursos incluye la planeaci\u00f3n de sesiones, capacitaci\u00f3n para adultos, redacci\u00f3n de objetivos de aprendizaje, habilidades de comunicaci\u00f3n, m\u00e9todos y t\u00e9cnicas de ense\u00f1anza, evaluaci\u00f3n, dise\u00f1o de pruebas, preparaci\u00f3n del entorno f\u00edsico y dise\u00f1o de planes de lecci\u00f3n\u201d, explic\u00f3 el comandante.<\/p>\n<p>Indic\u00f3 que, por instrucci\u00f3n de la alcaldesa Miriam Soto, se ha puesto especial atenci\u00f3n no solo en la profesionalizaci\u00f3n de Polic\u00eda y Vialidad, sino tambi\u00e9n en la capacitaci\u00f3n constante de Protecci\u00f3n Civil y Bomberos, como parte del compromiso de fortalecer la seguridad integral en el municipio.<\/p>\n<p>Esta capacitaci\u00f3n permitir\u00e1 que los elementos repliquen el conocimiento adquirido en Meoqui, trabajando con grupos de ni\u00f1os, j\u00f3venes y padres de familia para prepararlos ante posibles contingencias, generando as\u00ed una cultura de prevenci\u00f3n m\u00e1s s\u00f3lida en la comunidad.<\/p>\n<p>\u201cCon estas acciones buscamos tener una corporaci\u00f3n m\u00e1s fuerte y mejor preparada, que pueda atender a la poblaci\u00f3n de manera oportuna y eficiente en caso de cualquier situaci\u00f3n de riesgo\u201d, concluy\u00f3 Orona.<\/p>\n","protected":false},"excerpt":{"rendered":"<p>Se replicar\u00e1 el conocimiento adquirido en la corporaci\u00f3n, trabajando con grupos de ni\u00f1os, j\u00f3venes y padres de familia en Meoqui. Con el objetivo de fortalecer las capacidades de atenci\u00f3n ante situaciones de emergencia y desastres, los elementos de Protecci\u00f3n Civil y Bomberos del municipio de Meoqui, Eduardo Guill\u00e9n y Mart\u00edn Orona, participan en un curso especializado que se realiza en el estado de Jalisco, del lunes 14 al jueves 17 de julio. As\u00ed lo inform\u00f3 el Comandante V\u00edctor Orona, director de Seguridad P\u00fablica Municipal, quien destac\u00f3 que esta capacitaci\u00f3n tiene como finalidad preparar instructores locales mediante la aplicaci\u00f3n de t\u00e9cnicas de ense\u00f1anza interactivas en temas relacionados con emergencias. \u201cEl contenido de estos cursos incluye la planeaci\u00f3n de sesiones, capacitaci\u00f3n para adultos, redacci\u00f3n de objetivos de aprendizaje, habilidades de comunicaci\u00f3n, m\u00e9todos y t\u00e9cnicas de ense\u00f1anza, evaluaci\u00f3n, dise\u00f1o de pruebas, preparaci\u00f3n del entorno f\u00edsico y dise\u00f1o de planes de lecci\u00f3n\u201d, explic\u00f3 el comandante. Indic\u00f3 que, por instrucci\u00f3n de la alcaldesa Miriam Soto, se ha puesto especial atenci\u00f3n no solo en la profesionalizaci\u00f3n de Polic\u00eda y Vialidad, sino tambi\u00e9n en la capacitaci\u00f3n constante de Protecci\u00f3n Civil y Bomberos, como parte del compromiso de fortalecer la seguridad integral en el municipio. Esta capacitaci\u00f3n permitir\u00e1 que los elementos repliquen el conocimiento adquirido en Meoqui, trabajando con grupos de ni\u00f1os, j\u00f3venes y padres de familia para prepararlos ante posibles contingencias, generando as\u00ed una cultura de prevenci\u00f3n m\u00e1s s\u00f3lida en la comunidad. \u201cCon estas acciones buscamos tener una corporaci\u00f3n m\u00e1s fuerte y mejor preparada, que pueda atender a la poblaci\u00f3n de manera oportuna y eficiente en caso de cualquier situaci\u00f3n de riesgo\u201d, concluy\u00f3 Orona.<\/p>\n","protected":false},"author":2,"featured_media":16321,"comment_status":"open","ping_status":"open","sticky":false,"template":"","format":"standard","meta":{"_monsterinsights_skip_tracking":false,"_monsterinsights_sitenote_active":false,"_monsterinsights_sitenote_note":"","_monsterinsights_sitenote_category":0,"advanced_seo_description":"","jetpack_seo_html_title":"","jetpack_seo_noindex":false,"_jetpack_memberships_contains_paid_content":false,"footnotes":"","jetpack_publicize_message":"","jetpack_publicize_feature_enabled":true,"jetpack_social_post_already_shared":true,"jetpack_social_options":{"image_generator_settings":{"template":"highway","enabled":false},"version":2}},"categories":[135,7,11],"tags":[],"class_list":["post-16320","post","type-post","status-publish","format-standard","has-post-thumbnail","hentry","category-lo-mas-leido","category-local","category-principal"],"jetpack_publicize_connections":[],"jetpack_sharing_enabled":true,"jetpack_featured_media_url":"https:\/\/i0.wp.com\/alcierrenoticias.com\/wp-content\/uploads\/2025\/07\/WhatsApp-Image-2025-07-16-at-1.52.02-PM.jpeg?fit=1280%2C576&ssl=1","amp_enabled":true,"_links":{"self":[{"href":"https:\/\/alcierrenoticias.com\/index.php\/wp-json\/wp\/v2\/posts\/16320","targetHints":{"allow":["GET"]}}],"collection":[{"href":"https:\/\/alcierrenoticias.com\/index.php\/wp-json\/wp\/v2\/posts"}],"about":[{"href":"https:\/\/alcierrenoticias.com\/index.php\/wp-json\/wp\/v2\/types\/post"}],"author":[{"embeddable":true,"href":"https:\/\/alcierrenoticias.com\/index.php\/wp-json\/wp\/v2\/users\/2"}],"replies":[{"embeddable":true,"href":"https:\/\/alcierrenoticias.com\/index.php\/wp-json\/wp\/v2\/comments?post=16320"}],"version-history":[{"count":2,"href":"https:\/\/alcierrenoticias.com\/index.php\/wp-json\/wp\/v2\/posts\/16320\/revisions"}],"predecessor-version":[{"id":16323,"href":"https:\/\/alcierrenoticias.com\/index.php\/wp-json\/wp\/v2\/posts\/16320\/revisions\/16323"}],"wp:featuredmedia":[{"embeddable":true,"href":"https:\/\/alcierrenoticias.com\/index.php\/wp-json\/wp\/v2\/media\/16321"}],"wp:attachment":[{"href":"https:\/\/alcierrenoticias.com\/index.php\/wp-json\/wp\/v2\/media?parent=16320"}],"wp:term":[{"taxonomy":"category","embeddable":true,"href":"https:\/\/alcierrenoticias.com\/index.php\/wp-json\/wp\/v2\/categories?post=16320"},{"taxonomy":"post_tag","embeddable":true,"href":"https:\/\/alcierrenoticias.com\/index.php\/wp-json\/wp\/v2\/tags?post=16320"}],"curies":[{"name":"wp","href":"https:\/\/api.w.org\/{rel}","templated":true}]}}