{"id":16182,"date":"2025-07-08T17:20:38","date_gmt":"2025-07-08T23:20:38","guid":{"rendered":"https:\/\/alcierrenoticias.com\/?p=16182"},"modified":"2025-07-10T13:00:24","modified_gmt":"2025-07-10T19:00:24","slug":"todo-lo-que-vendamos-en-el-restaurante-del-dif-en-la-feria-ayudara-a-fortalecer-el-cri-alma-limas","status":"publish","type":"post","link":"https:\/\/alcierrenoticias.com\/index.php\/2025\/07\/08\/todo-lo-que-vendamos-en-el-restaurante-del-dif-en-la-feria-ayudara-a-fortalecer-el-cri-alma-limas\/","title":{"rendered":"Todo lo que vendamos en el restaurante del DIF en la Feria ayudar\u00e1 a fortalecer el CRI\u201d: Alma Limas."},"content":{"rendered":"<p>A trav\u00e9s de una rueda de prensa, la presidenta del DIF Municipal de Delicias, Alma Limas de Valenciano, extendi\u00f3 una c\u00e1lida invitaci\u00f3n a la ciudadan\u00eda para visitar el m\u00f3dulo de comida del DIF durante la Feria Delicias 2025, destacando que lo recaudado ser\u00e1 destinado a una causa social. \u201cSu alegr\u00eda en la feria se convierte en terapias f\u00edsicas y sonrisas para nuestros ni\u00f1os y adultos mayores. Mucho de lo recaudado va precisamente a eso: a equipar mucho m\u00e1s nuestra \u00e1rea de terapia, nuestro CRI\u201d, expres\u00f3.<\/p>\n<p>La presidenta del DIF agradeci\u00f3 a su equipo por sumarse con entusiasmo a esta labor que beneficia directamente a personas en situaci\u00f3n vulnerable. En el tradicional restaurante del DIF, los asistentes podr\u00e1n encontrar gorditas, enchiladas, aguas frescas y antojitos t\u00edpicos, cuyos ingresos permitir\u00e1n seguir fortaleciendo servicios como el de terapias f\u00edsicas, adem\u00e1s de apoyar otras iniciativas como la entrega de \u00fatiles escolares y el programa Pa\u00f1at\u00f3n.<\/p>\n<p>Alma Limas resalt\u00f3 que este m\u00f3dulo no es solo un punto para convivir y disfrutar de buena comida, sino tambi\u00e9n una forma de ayudar. \u201cNo se trata solo de ir a cenar, se trata de apoyar a quienes m\u00e1s lo necesitan. Las personas que acuden a terapias muchas veces requieren tambi\u00e9n respaldo econ\u00f3mico y, con este esfuerzo, lo logramos\u201d, afirm\u00f3.<\/p>\n<p>Adem\u00e1s, destac\u00f3 que este a\u00f1o la Feria contar\u00e1 con espect\u00e1culos como el circo diario para los ni\u00f1os y sus familias, por lo que invit\u00f3 a todos a aprovechar las vacaciones para acudir en familia. \u201cHoy que est\u00e1n de vacaciones, apoyemos, aprovechemos este espacio y acudamos en familia. El circo ser\u00e1 todos los d\u00edas, as\u00ed que hay mucho que disfrutar\u201d, coment\u00f3.<\/p>\n<p>Por su parte, Juan Daniel Natividad, integrante del grupo organizador de la feria, inform\u00f3 que la mayor\u00eda de los d\u00edas el acceso general tendr\u00e1 un costo de 70 pesos para adultos y 30 pesos para ni\u00f1os, lo que representa una opci\u00f3n accesible para que m\u00e1s familias puedan disfrutar de todas las atracciones, espect\u00e1culos y actividades disponibles.<\/p>\n<p>Finalmente, Alma Limas record\u00f3 que la Feria inicia este jueves 10 de julio, y reiter\u00f3 su llamado a la ciudadan\u00eda: \u201cVayamos a convivir en familia, pero tambi\u00e9n a apoyar al stand del DIF. No me queda m\u00e1s que agradecer e invitar a todos a sumarse a esta causa con el coraz\u00f3n\u201d.<\/p>\n","protected":false},"excerpt":{"rendered":"<p>A trav\u00e9s de una rueda de prensa, la presidenta del DIF Municipal de Delicias, Alma Limas de Valenciano, extendi\u00f3 una c\u00e1lida invitaci\u00f3n a la ciudadan\u00eda para visitar el m\u00f3dulo de comida del DIF durante la Feria Delicias 2025, destacando que lo recaudado ser\u00e1 destinado a una causa social. \u201cSu alegr\u00eda en la feria se convierte en terapias f\u00edsicas y sonrisas para nuestros ni\u00f1os y adultos mayores. Mucho de lo recaudado va precisamente a eso: a equipar mucho m\u00e1s nuestra \u00e1rea de terapia, nuestro CRI\u201d, expres\u00f3. La presidenta del DIF agradeci\u00f3 a su equipo por sumarse con entusiasmo a esta labor que beneficia directamente a personas en situaci\u00f3n vulnerable. En el tradicional restaurante del DIF, los asistentes podr\u00e1n encontrar gorditas, enchiladas, aguas frescas y antojitos t\u00edpicos, cuyos ingresos permitir\u00e1n seguir fortaleciendo servicios como el de terapias f\u00edsicas, adem\u00e1s de apoyar otras iniciativas como la entrega de \u00fatiles escolares y el programa Pa\u00f1at\u00f3n. Alma Limas resalt\u00f3 que este m\u00f3dulo no es solo un punto para convivir y disfrutar de buena comida, sino tambi\u00e9n una forma de ayudar. \u201cNo se trata solo de ir a cenar, se trata de apoyar a quienes m\u00e1s lo necesitan. Las personas que acuden a terapias muchas veces requieren tambi\u00e9n respaldo econ\u00f3mico y, con este esfuerzo, lo logramos\u201d, afirm\u00f3. Adem\u00e1s, destac\u00f3 que este a\u00f1o la Feria contar\u00e1 con espect\u00e1culos como el circo diario para los ni\u00f1os y sus familias, por lo que invit\u00f3 a todos a aprovechar las vacaciones para acudir en familia. \u201cHoy que est\u00e1n de vacaciones, apoyemos, aprovechemos este espacio y acudamos en familia. El circo ser\u00e1 todos los d\u00edas, as\u00ed que hay mucho que disfrutar\u201d, coment\u00f3. Por su parte, Juan Daniel Natividad, integrante del grupo organizador de la feria, inform\u00f3 que la mayor\u00eda de los d\u00edas el acceso general tendr\u00e1 un costo de 70 pesos para adultos y 30 pesos para ni\u00f1os, lo que representa una opci\u00f3n accesible para que m\u00e1s familias puedan disfrutar de todas las atracciones, espect\u00e1culos y actividades disponibles. Finalmente, Alma Limas record\u00f3 que la Feria inicia este jueves 10 de julio, y reiter\u00f3 su llamado a la ciudadan\u00eda: \u201cVayamos a convivir en familia, pero tambi\u00e9n a apoyar al stand del DIF. No me queda m\u00e1s que agradecer e invitar a todos a sumarse a esta causa con el coraz\u00f3n\u201d.<\/p>\n","protected":false},"author":2,"featured_media":16183,"comment_status":"open","ping_status":"open","sticky":false,"template":"","format":"standard","meta":{"_monsterinsights_skip_tracking":false,"_monsterinsights_sitenote_active":false,"_monsterinsights_sitenote_note":"","_monsterinsights_sitenote_category":0,"advanced_seo_description":"","jetpack_seo_html_title":"","jetpack_seo_noindex":false,"_jetpack_memberships_contains_paid_content":false,"footnotes":"","jetpack_publicize_message":"","jetpack_publicize_feature_enabled":true,"jetpack_social_post_already_shared":true,"jetpack_social_options":{"image_generator_settings":{"template":"highway","enabled":false},"version":2}},"categories":[135,7,11],"tags":[],"class_list":["post-16182","post","type-post","status-publish","format-standard","has-post-thumbnail","hentry","category-lo-mas-leido","category-local","category-principal"],"jetpack_publicize_connections":[],"jetpack_sharing_enabled":true,"jetpack_featured_media_url":"https:\/\/i0.wp.com\/alcierrenoticias.com\/wp-content\/uploads\/2025\/07\/WhatsApp-Image-2025-07-08-at-5.13.38-PM.jpeg?fit=2284%2C1523&ssl=1","amp_enabled":true,"_links":{"self":[{"href":"https:\/\/alcierrenoticias.com\/index.php\/wp-json\/wp\/v2\/posts\/16182","targetHints":{"allow":["GET"]}}],"collection":[{"href":"https:\/\/alcierrenoticias.com\/index.php\/wp-json\/wp\/v2\/posts"}],"about":[{"href":"https:\/\/alcierrenoticias.com\/index.php\/wp-json\/wp\/v2\/types\/post"}],"author":[{"embeddable":true,"href":"https:\/\/alcierrenoticias.com\/index.php\/wp-json\/wp\/v2\/users\/2"}],"replies":[{"embeddable":true,"href":"https:\/\/alcierrenoticias.com\/index.php\/wp-json\/wp\/v2\/comments?post=16182"}],"version-history":[{"count":2,"href":"https:\/\/alcierrenoticias.com\/index.php\/wp-json\/wp\/v2\/posts\/16182\/revisions"}],"predecessor-version":[{"id":16185,"href":"https:\/\/alcierrenoticias.com\/index.php\/wp-json\/wp\/v2\/posts\/16182\/revisions\/16185"}],"wp:featuredmedia":[{"embeddable":true,"href":"https:\/\/alcierrenoticias.com\/index.php\/wp-json\/wp\/v2\/media\/16183"}],"wp:attachment":[{"href":"https:\/\/alcierrenoticias.com\/index.php\/wp-json\/wp\/v2\/media?parent=16182"}],"wp:term":[{"taxonomy":"category","embeddable":true,"href":"https:\/\/alcierrenoticias.com\/index.php\/wp-json\/wp\/v2\/categories?post=16182"},{"taxonomy":"post_tag","embeddable":true,"href":"https:\/\/alcierrenoticias.com\/index.php\/wp-json\/wp\/v2\/tags?post=16182"}],"curies":[{"name":"wp","href":"https:\/\/api.w.org\/{rel}","templated":true}]}}