{"id":16125,"date":"2025-07-05T13:29:51","date_gmt":"2025-07-05T19:29:51","guid":{"rendered":"https:\/\/alcierrenoticias.com\/?p=16125"},"modified":"2025-07-05T18:32:51","modified_gmt":"2025-07-06T00:32:51","slug":"universidad-vizcaya-de-las-americas-se-suma-al-proyecto-adopta-un-area-verde","status":"publish","type":"post","link":"https:\/\/alcierrenoticias.com\/index.php\/2025\/07\/05\/universidad-vizcaya-de-las-americas-se-suma-al-proyecto-adopta-un-area-verde\/","title":{"rendered":"Universidad Vizcaya de las Am\u00e9ricas se suma al proyecto \u201cAdopta un \u00c1rea Verde\u201d."},"content":{"rendered":"<p>La Sindicatura Municipal de Delicias, encabezada por la C.P. Gaby Franco, acompa\u00f1ada por el Presidente Municipal, el Ingeniero Jes\u00fas Valenciano Garc\u00eda, y algunas regidoras del H. Ayuntamiento, reconoci\u00f3 a la Universidad Vizcaya de las Am\u00e9ricas por su valiosa participaci\u00f3n en el programa \u201cAdopta un \u00c1rea Verde\u201d.<\/p>\n<p>Durante su mensaje, la S\u00edndica Municipal agradeci\u00f3 el compromiso de la instituci\u00f3n educativa, destacando la valiosa aportaci\u00f3n de los estudiantes de la carrera de Arquitectura, con las propuestas para el mejoramiento de la Avenida Agricultura, adem\u00e1s de la importancia de que m\u00e1s sectores sociales e instituciones se involucren en el cuidado y preservaci\u00f3n de los espacios p\u00fablicos.<\/p>\n<p>Este tipo de acciones son fundamentales para fortalecer la conciencia ambiental y el sentido de responsabilidad social. Gracias a la Universidad Vizcaya por sumarse a este esfuerzo colectivo que busca un Delicias m\u00e1s limpio y ordenado.<\/p>\n<p>Por su parte, el Alcalde Jes\u00fas Valenciano reconoci\u00f3 la labor conjunta que se ha impulsado a trav\u00e9s de este proyecto, resaltando que la participaci\u00f3n ciudadana y la colaboraci\u00f3n de las instituciones educativas son esenciales para lograr un municipio con mejor calidad de vida.<\/p>\n<p>La Universidad Vizcaya de las Am\u00e9ricas present\u00f3 cinco proyectos para el mejoramiento de los camellones de la Avenida agricultura, cabe destacar que estos proyectos ser\u00e1n presentados como propuestas a quienes decidan adoptar estas \u00e1reas verdes, comprometi\u00e9ndose a su mantenimiento y embellecimiento, en beneficio de la comunidad deliciense.<\/p>\n","protected":false},"excerpt":{"rendered":"<p>La Sindicatura Municipal de Delicias, encabezada por la C.P. Gaby Franco, acompa\u00f1ada por el Presidente Municipal, el Ingeniero Jes\u00fas Valenciano Garc\u00eda, y algunas regidoras del H. Ayuntamiento, reconoci\u00f3 a la Universidad Vizcaya de las Am\u00e9ricas por su valiosa participaci\u00f3n en el programa \u201cAdopta un \u00c1rea Verde\u201d. Durante su mensaje, la S\u00edndica Municipal agradeci\u00f3 el compromiso de la instituci\u00f3n educativa, destacando la valiosa aportaci\u00f3n de los estudiantes de la carrera de Arquitectura, con las propuestas para el mejoramiento de la Avenida Agricultura, adem\u00e1s de la importancia de que m\u00e1s sectores sociales e instituciones se involucren en el cuidado y preservaci\u00f3n de los espacios p\u00fablicos. Este tipo de acciones son fundamentales para fortalecer la conciencia ambiental y el sentido de responsabilidad social. Gracias a la Universidad Vizcaya por sumarse a este esfuerzo colectivo que busca un Delicias m\u00e1s limpio y ordenado. Por su parte, el Alcalde Jes\u00fas Valenciano reconoci\u00f3 la labor conjunta que se ha impulsado a trav\u00e9s de este proyecto, resaltando que la participaci\u00f3n ciudadana y la colaboraci\u00f3n de las instituciones educativas son esenciales para lograr un municipio con mejor calidad de vida. La Universidad Vizcaya de las Am\u00e9ricas present\u00f3 cinco proyectos para el mejoramiento de los camellones de la Avenida agricultura, cabe destacar que estos proyectos ser\u00e1n presentados como propuestas a quienes decidan adoptar estas \u00e1reas verdes, comprometi\u00e9ndose a su mantenimiento y embellecimiento, en beneficio de la comunidad deliciense.<\/p>\n","protected":false},"author":2,"featured_media":16126,"comment_status":"open","ping_status":"open","sticky":false,"template":"","format":"standard","meta":{"_monsterinsights_skip_tracking":false,"_monsterinsights_sitenote_active":false,"_monsterinsights_sitenote_note":"","_monsterinsights_sitenote_category":0,"advanced_seo_description":"","jetpack_seo_html_title":"","jetpack_seo_noindex":false,"_jetpack_memberships_contains_paid_content":false,"footnotes":"","jetpack_publicize_message":"","jetpack_publicize_feature_enabled":true,"jetpack_social_post_already_shared":true,"jetpack_social_options":{"image_generator_settings":{"template":"highway","enabled":false},"version":2}},"categories":[135,7,11],"tags":[],"class_list":["post-16125","post","type-post","status-publish","format-standard","has-post-thumbnail","hentry","category-lo-mas-leido","category-local","category-principal"],"jetpack_publicize_connections":[],"jetpack_sharing_enabled":true,"jetpack_featured_media_url":"https:\/\/i0.wp.com\/alcierrenoticias.com\/wp-content\/uploads\/2025\/07\/WhatsApp-Image-2025-07-05-at-1.17.38-PM-e1751761962588.jpeg?fit=1349%2C1163&ssl=1","amp_enabled":true,"_links":{"self":[{"href":"https:\/\/alcierrenoticias.com\/index.php\/wp-json\/wp\/v2\/posts\/16125","targetHints":{"allow":["GET"]}}],"collection":[{"href":"https:\/\/alcierrenoticias.com\/index.php\/wp-json\/wp\/v2\/posts"}],"about":[{"href":"https:\/\/alcierrenoticias.com\/index.php\/wp-json\/wp\/v2\/types\/post"}],"author":[{"embeddable":true,"href":"https:\/\/alcierrenoticias.com\/index.php\/wp-json\/wp\/v2\/users\/2"}],"replies":[{"embeddable":true,"href":"https:\/\/alcierrenoticias.com\/index.php\/wp-json\/wp\/v2\/comments?post=16125"}],"version-history":[{"count":2,"href":"https:\/\/alcierrenoticias.com\/index.php\/wp-json\/wp\/v2\/posts\/16125\/revisions"}],"predecessor-version":[{"id":16128,"href":"https:\/\/alcierrenoticias.com\/index.php\/wp-json\/wp\/v2\/posts\/16125\/revisions\/16128"}],"wp:featuredmedia":[{"embeddable":true,"href":"https:\/\/alcierrenoticias.com\/index.php\/wp-json\/wp\/v2\/media\/16126"}],"wp:attachment":[{"href":"https:\/\/alcierrenoticias.com\/index.php\/wp-json\/wp\/v2\/media?parent=16125"}],"wp:term":[{"taxonomy":"category","embeddable":true,"href":"https:\/\/alcierrenoticias.com\/index.php\/wp-json\/wp\/v2\/categories?post=16125"},{"taxonomy":"post_tag","embeddable":true,"href":"https:\/\/alcierrenoticias.com\/index.php\/wp-json\/wp\/v2\/tags?post=16125"}],"curies":[{"name":"wp","href":"https:\/\/api.w.org\/{rel}","templated":true}]}}