{"id":16097,"date":"2025-07-04T11:40:21","date_gmt":"2025-07-04T17:40:21","guid":{"rendered":"https:\/\/alcierrenoticias.com\/?p=16097"},"modified":"2025-07-05T18:11:37","modified_gmt":"2025-07-06T00:11:37","slug":"invitan-a-ninos-de-delicias-a-disfrutar-la-veraneada-aloha-2025","status":"publish","type":"post","link":"https:\/\/alcierrenoticias.com\/index.php\/2025\/07\/04\/invitan-a-ninos-de-delicias-a-disfrutar-la-veraneada-aloha-2025\/","title":{"rendered":"Invitan a ni\u00f1os de Delicias a disfrutar la veraneada \u201cAloha\u201d 2025."},"content":{"rendered":"<p>Con gran entusiasmo, la Jefatura de Cultura del municipio anunci\u00f3 el regreso de la tradicional veraneada de la Casa de Cultura, que este a\u00f1o llevar\u00e1 por nombre \u201cAloha\u201d, una edici\u00f3n inspirada en el verano hawaiano que busca ofrecer a las ni\u00f1as y ni\u00f1os una experiencia fresca, divertida y educativa. El programa se desarrollar\u00e1 del 21 de julio al 8 de agosto, en un horario de 9:00 a.m. a 2:30 p.m.<\/p>\n<p>Mario P\u00e9rez, jefe de Casa de Cultura, inform\u00f3 que esta veraneada es una de las m\u00e1s esperadas por las familias delicienses, ya que ha sido parte de la formaci\u00f3n de muchos menores desde edades tempranas. El cupo ser\u00e1 para ni\u00f1os de 6 a 11 a\u00f1os, divididos en grupos de 20 a 25 participantes, conforme a su edad. Las inscripciones estar\u00e1n abiertas del 14 al 18 de julio, en horario de 10:00 a.m. a 7:30 p.m., con un costo de $750 por ni\u00f1o.<\/p>\n<p>Entre las disciplinas art\u00edsticas que se impartir\u00e1n destacan canto, m\u00fasica, pintura, danza a\u00e9rea y jazz, permitiendo que los ni\u00f1os desarrollen su creatividad y habilidades expresivas. Adem\u00e1s, esta edici\u00f3n contar\u00e1 con la colaboraci\u00f3n de distintas \u00e1reas municipales, haciendo de \u201cAloha\u201d una experiencia interdepartamental.<\/p>\n<p>Dependencias como el Polideportivo, Ecolog\u00eda, Zoonosis, Bibliotecas y Desarrollo Humano y Bien Com\u00fan, a trav\u00e9s del \u00e1rea del albergue, se sumar\u00e1n para impartir actividades complementarias. Esta sinergia busca que los ni\u00f1os no solo disfruten del arte, sino que tambi\u00e9n aprendan sobre temas de salud, medio ambiente, deporte y valores comunitarios.<\/p>\n<p>Finalmente, Mario P\u00e9rez destac\u00f3 que esta veraneada representa una oportunidad integral para que los ni\u00f1os aprovechen su tiempo libre de forma creativa, recreativa y formativa. \u201cEstamos muy contentos de volver a abrir las puertas de Casa de Cultura para que nuestras ni\u00f1as y ni\u00f1os vivan un verano inolvidable\u201d, concluy\u00f3.<\/p>\n","protected":false},"excerpt":{"rendered":"<p>Con gran entusiasmo, la Jefatura de Cultura del municipio anunci\u00f3 el regreso de la tradicional veraneada de la Casa de Cultura, que este a\u00f1o llevar\u00e1 por nombre \u201cAloha\u201d, una edici\u00f3n inspirada en el verano hawaiano que busca ofrecer a las ni\u00f1as y ni\u00f1os una experiencia fresca, divertida y educativa. El programa se desarrollar\u00e1 del 21 de julio al 8 de agosto, en un horario de 9:00 a.m. a 2:30 p.m. Mario P\u00e9rez, jefe de Casa de Cultura, inform\u00f3 que esta veraneada es una de las m\u00e1s esperadas por las familias delicienses, ya que ha sido parte de la formaci\u00f3n de muchos menores desde edades tempranas. El cupo ser\u00e1 para ni\u00f1os de 6 a 11 a\u00f1os, divididos en grupos de 20 a 25 participantes, conforme a su edad. Las inscripciones estar\u00e1n abiertas del 14 al 18 de julio, en horario de 10:00 a.m. a 7:30 p.m., con un costo de $750 por ni\u00f1o. Entre las disciplinas art\u00edsticas que se impartir\u00e1n destacan canto, m\u00fasica, pintura, danza a\u00e9rea y jazz, permitiendo que los ni\u00f1os desarrollen su creatividad y habilidades expresivas. Adem\u00e1s, esta edici\u00f3n contar\u00e1 con la colaboraci\u00f3n de distintas \u00e1reas municipales, haciendo de \u201cAloha\u201d una experiencia interdepartamental. Dependencias como el Polideportivo, Ecolog\u00eda, Zoonosis, Bibliotecas y Desarrollo Humano y Bien Com\u00fan, a trav\u00e9s del \u00e1rea del albergue, se sumar\u00e1n para impartir actividades complementarias. Esta sinergia busca que los ni\u00f1os no solo disfruten del arte, sino que tambi\u00e9n aprendan sobre temas de salud, medio ambiente, deporte y valores comunitarios. Finalmente, Mario P\u00e9rez destac\u00f3 que esta veraneada representa una oportunidad integral para que los ni\u00f1os aprovechen su tiempo libre de forma creativa, recreativa y formativa. \u201cEstamos muy contentos de volver a abrir las puertas de Casa de Cultura para que nuestras ni\u00f1as y ni\u00f1os vivan un verano inolvidable\u201d, concluy\u00f3.<\/p>\n","protected":false},"author":2,"featured_media":16098,"comment_status":"open","ping_status":"open","sticky":false,"template":"","format":"standard","meta":{"_monsterinsights_skip_tracking":false,"_monsterinsights_sitenote_active":false,"_monsterinsights_sitenote_note":"","_monsterinsights_sitenote_category":0,"advanced_seo_description":"","jetpack_seo_html_title":"","jetpack_seo_noindex":false,"_jetpack_memberships_contains_paid_content":false,"footnotes":"","jetpack_publicize_message":"","jetpack_publicize_feature_enabled":true,"jetpack_social_post_already_shared":true,"jetpack_social_options":{"image_generator_settings":{"template":"highway","enabled":false},"version":2}},"categories":[135,7,11],"tags":[],"class_list":["post-16097","post","type-post","status-publish","format-standard","has-post-thumbnail","hentry","category-lo-mas-leido","category-local","category-principal"],"jetpack_publicize_connections":[],"jetpack_sharing_enabled":true,"jetpack_featured_media_url":"https:\/\/i0.wp.com\/alcierrenoticias.com\/wp-content\/uploads\/2025\/07\/WhatsApp-Image-2025-07-04-at-11.29.30-AM-e1751760652149.jpeg?fit=500%2C500&ssl=1","amp_enabled":true,"_links":{"self":[{"href":"https:\/\/alcierrenoticias.com\/index.php\/wp-json\/wp\/v2\/posts\/16097","targetHints":{"allow":["GET"]}}],"collection":[{"href":"https:\/\/alcierrenoticias.com\/index.php\/wp-json\/wp\/v2\/posts"}],"about":[{"href":"https:\/\/alcierrenoticias.com\/index.php\/wp-json\/wp\/v2\/types\/post"}],"author":[{"embeddable":true,"href":"https:\/\/alcierrenoticias.com\/index.php\/wp-json\/wp\/v2\/users\/2"}],"replies":[{"embeddable":true,"href":"https:\/\/alcierrenoticias.com\/index.php\/wp-json\/wp\/v2\/comments?post=16097"}],"version-history":[{"count":2,"href":"https:\/\/alcierrenoticias.com\/index.php\/wp-json\/wp\/v2\/posts\/16097\/revisions"}],"predecessor-version":[{"id":16100,"href":"https:\/\/alcierrenoticias.com\/index.php\/wp-json\/wp\/v2\/posts\/16097\/revisions\/16100"}],"wp:featuredmedia":[{"embeddable":true,"href":"https:\/\/alcierrenoticias.com\/index.php\/wp-json\/wp\/v2\/media\/16098"}],"wp:attachment":[{"href":"https:\/\/alcierrenoticias.com\/index.php\/wp-json\/wp\/v2\/media?parent=16097"}],"wp:term":[{"taxonomy":"category","embeddable":true,"href":"https:\/\/alcierrenoticias.com\/index.php\/wp-json\/wp\/v2\/categories?post=16097"},{"taxonomy":"post_tag","embeddable":true,"href":"https:\/\/alcierrenoticias.com\/index.php\/wp-json\/wp\/v2\/tags?post=16097"}],"curies":[{"name":"wp","href":"https:\/\/api.w.org\/{rel}","templated":true}]}}