{"id":16072,"date":"2025-07-01T18:30:18","date_gmt":"2025-07-02T00:30:18","guid":{"rendered":"https:\/\/alcierrenoticias.com\/?p=16072"},"modified":"2025-07-01T22:31:34","modified_gmt":"2025-07-02T04:31:34","slug":"tony-melendez-morena-quiere-un-pais-en-silencio-el-pri-defiende-la-libertad-de-expresion","status":"publish","type":"post","link":"https:\/\/alcierrenoticias.com\/index.php\/2025\/07\/01\/tony-melendez-morena-quiere-un-pais-en-silencio-el-pri-defiende-la-libertad-de-expresion\/","title":{"rendered":"Tony Mel\u00e9ndez: \u201cMorena quiere un pa\u00eds en silencio; el PRI defiende la libertad de expresi\u00f3n\u201d."},"content":{"rendered":"<p>El diputado federal por el V distrito Tony Mel\u00e9ndez, acus\u00f3 que la reforma en materia de telecomunicaciones impulsada por Morena representa un retroceso democr\u00e1tico y un intento de control gubernamental sobre los medios de comunicaci\u00f3n.<\/p>\n<p>Durante su intervenci\u00f3n en el Pleno de la C\u00e1mara de Diputados, Mel\u00e9ndez advirti\u00f3 que la minuta aprobada en fast track busca limitar la libertad de expresi\u00f3n y la autonom\u00eda de los organismos reguladores del sector. Afirm\u00f3 que la propuesta reactiva disposiciones previamente declaradas inconstitucionales por la Suprema Corte de Justicia de la Naci\u00f3n (SCJN), entre ellas la regulaci\u00f3n de los derechos de las audiencias y los contenidos audiovisuales.<\/p>\n<p>\u201cLo que Morena est\u00e1 intentando aqu\u00ed es un ataque directo a los medios libres, a la pluralidad informativa, a la verdad inc\u00f3moda\u201d, sostuvo el legislador priista desde tribuna.<\/p>\n<p>Uno de los puntos m\u00e1s pol\u00e9micos de la reforma es la reintroducci\u00f3n del Padr\u00f3n Nacional de Usuarios de Telefon\u00eda M\u00f3vil, a trav\u00e9s de un art\u00edculo transitorio que plantea el registro de l\u00edneas telef\u00f3nicas con datos biom\u00e9tricos, medida que ya ha sido invalidada por el Poder Judicial.<\/p>\n<p>Durante su participaci\u00f3n, Mel\u00e9ndez tambi\u00e9n cuestion\u00f3 la eliminaci\u00f3n del Instituto Federal de Telecomunicaciones (IFT), que ser\u00eda sustituido por un nuevo \u00f3rgano sin autonom\u00eda constitucional. El legislador sostuvo que este organismo operar\u00eda bajo control del Ejecutivo a trav\u00e9s de la Agencia de Transformaci\u00f3n Digital, lo que pondr\u00eda en riesgo la imparcialidad en la regulaci\u00f3n del sector.<\/p>\n<p>\u201cYa no habr\u00e1 \u00e1rbitro imparcial entre medios y Estado, sino un juez que juega para el Ejecutivo\u201d, denunci\u00f3.<\/p>\n<p>El diputado alert\u00f3 adem\u00e1s sobre las posibles repercusiones internacionales de esta reforma, advirtiendo que vulnera compromisos adquiridos por M\u00e9xico en el marco del Tratado entre M\u00e9xico, Estados Unidos y Canad\u00e1 (T-MEC), como la competencia justa y la existencia de reguladores independientes.<\/p>\n<p>Mel\u00e9ndez asegur\u00f3 que el verdadero objetivo del oficialismo es silenciar voces cr\u00edticas y desactivar a los medios independientes.<\/p>\n<p>\u201cMorena quiere decidir qui\u00e9n puede hablar y qui\u00e9n debe callar. Esto no es pol\u00edtica p\u00fablica, es censura institucionalizada\u201d, afirm\u00f3.<\/p>\n<p>Finalmente, hizo un llamado a defender la libertad de expresi\u00f3n y el periodismo cr\u00edtico, se\u00f1alando que \u201csi los medios pierden su libertad, todos perdemos nuestra voz\u201d.<\/p>\n<p>\u201cMorena quiere un pa\u00eds en silencio. El PRI quiere un pa\u00eds que se escuche\u201d, concluy\u00f3.<\/p>\n","protected":false},"excerpt":{"rendered":"<p>El diputado federal por el V distrito Tony Mel\u00e9ndez, acus\u00f3 que la reforma en materia de telecomunicaciones impulsada por Morena representa un retroceso democr\u00e1tico y un intento de control gubernamental sobre los medios de comunicaci\u00f3n. Durante su intervenci\u00f3n en el Pleno de la C\u00e1mara de Diputados, Mel\u00e9ndez advirti\u00f3 que la minuta aprobada en fast track busca limitar la libertad de expresi\u00f3n y la autonom\u00eda de los organismos reguladores del sector. Afirm\u00f3 que la propuesta reactiva disposiciones previamente declaradas inconstitucionales por la Suprema Corte de Justicia de la Naci\u00f3n (SCJN), entre ellas la regulaci\u00f3n de los derechos de las audiencias y los contenidos audiovisuales. \u201cLo que Morena est\u00e1 intentando aqu\u00ed es un ataque directo a los medios libres, a la pluralidad informativa, a la verdad inc\u00f3moda\u201d, sostuvo el legislador priista desde tribuna. Uno de los puntos m\u00e1s pol\u00e9micos de la reforma es la reintroducci\u00f3n del Padr\u00f3n Nacional de Usuarios de Telefon\u00eda M\u00f3vil, a trav\u00e9s de un art\u00edculo transitorio que plantea el registro de l\u00edneas telef\u00f3nicas con datos biom\u00e9tricos, medida que ya ha sido invalidada por el Poder Judicial. Durante su participaci\u00f3n, Mel\u00e9ndez tambi\u00e9n cuestion\u00f3 la eliminaci\u00f3n del Instituto Federal de Telecomunicaciones (IFT), que ser\u00eda sustituido por un nuevo \u00f3rgano sin autonom\u00eda constitucional. El legislador sostuvo que este organismo operar\u00eda bajo control del Ejecutivo a trav\u00e9s de la Agencia de Transformaci\u00f3n Digital, lo que pondr\u00eda en riesgo la imparcialidad en la regulaci\u00f3n del sector. \u201cYa no habr\u00e1 \u00e1rbitro imparcial entre medios y Estado, sino un juez que juega para el Ejecutivo\u201d, denunci\u00f3. El diputado alert\u00f3 adem\u00e1s sobre las posibles repercusiones internacionales de esta reforma, advirtiendo que vulnera compromisos adquiridos por M\u00e9xico en el marco del Tratado entre M\u00e9xico, Estados Unidos y Canad\u00e1 (T-MEC), como la competencia justa y la existencia de reguladores independientes. Mel\u00e9ndez asegur\u00f3 que el verdadero objetivo del oficialismo es silenciar voces cr\u00edticas y desactivar a los medios independientes. \u201cMorena quiere decidir qui\u00e9n puede hablar y qui\u00e9n debe callar. Esto no es pol\u00edtica p\u00fablica, es censura institucionalizada\u201d, afirm\u00f3. Finalmente, hizo un llamado a defender la libertad de expresi\u00f3n y el periodismo cr\u00edtico, se\u00f1alando que \u201csi los medios pierden su libertad, todos perdemos nuestra voz\u201d. \u201cMorena quiere un pa\u00eds en silencio. El PRI quiere un pa\u00eds que se escuche\u201d, concluy\u00f3.<\/p>\n","protected":false},"author":2,"featured_media":16073,"comment_status":"open","ping_status":"open","sticky":false,"template":"","format":"standard","meta":{"_monsterinsights_skip_tracking":false,"_monsterinsights_sitenote_active":false,"_monsterinsights_sitenote_note":"","_monsterinsights_sitenote_category":0,"advanced_seo_description":"","jetpack_seo_html_title":"","jetpack_seo_noindex":false,"_jetpack_memberships_contains_paid_content":false,"footnotes":"","jetpack_publicize_message":"","jetpack_publicize_feature_enabled":true,"jetpack_social_post_already_shared":true,"jetpack_social_options":{"image_generator_settings":{"template":"highway","enabled":false},"version":2}},"categories":[135,7,11],"tags":[],"class_list":["post-16072","post","type-post","status-publish","format-standard","has-post-thumbnail","hentry","category-lo-mas-leido","category-local","category-principal"],"jetpack_publicize_connections":[],"jetpack_sharing_enabled":true,"jetpack_featured_media_url":"https:\/\/i0.wp.com\/alcierrenoticias.com\/wp-content\/uploads\/2025\/07\/WhatsApp-Image-2025-07-01-at-6.10.01-PM.jpeg?fit=1280%2C853&ssl=1","amp_enabled":true,"_links":{"self":[{"href":"https:\/\/alcierrenoticias.com\/index.php\/wp-json\/wp\/v2\/posts\/16072","targetHints":{"allow":["GET"]}}],"collection":[{"href":"https:\/\/alcierrenoticias.com\/index.php\/wp-json\/wp\/v2\/posts"}],"about":[{"href":"https:\/\/alcierrenoticias.com\/index.php\/wp-json\/wp\/v2\/types\/post"}],"author":[{"embeddable":true,"href":"https:\/\/alcierrenoticias.com\/index.php\/wp-json\/wp\/v2\/users\/2"}],"replies":[{"embeddable":true,"href":"https:\/\/alcierrenoticias.com\/index.php\/wp-json\/wp\/v2\/comments?post=16072"}],"version-history":[{"count":2,"href":"https:\/\/alcierrenoticias.com\/index.php\/wp-json\/wp\/v2\/posts\/16072\/revisions"}],"predecessor-version":[{"id":16075,"href":"https:\/\/alcierrenoticias.com\/index.php\/wp-json\/wp\/v2\/posts\/16072\/revisions\/16075"}],"wp:featuredmedia":[{"embeddable":true,"href":"https:\/\/alcierrenoticias.com\/index.php\/wp-json\/wp\/v2\/media\/16073"}],"wp:attachment":[{"href":"https:\/\/alcierrenoticias.com\/index.php\/wp-json\/wp\/v2\/media?parent=16072"}],"wp:term":[{"taxonomy":"category","embeddable":true,"href":"https:\/\/alcierrenoticias.com\/index.php\/wp-json\/wp\/v2\/categories?post=16072"},{"taxonomy":"post_tag","embeddable":true,"href":"https:\/\/alcierrenoticias.com\/index.php\/wp-json\/wp\/v2\/tags?post=16072"}],"curies":[{"name":"wp","href":"https:\/\/api.w.org\/{rel}","templated":true}]}}