{"id":16063,"date":"2025-07-01T16:02:16","date_gmt":"2025-07-01T22:02:16","guid":{"rendered":"https:\/\/alcierrenoticias.com\/?p=16063"},"modified":"2025-07-01T22:26:03","modified_gmt":"2025-07-02T04:26:03","slug":"entregan-250-vales-de-uniformes-escolares-o-calzado-escolar-gratuitos-en-lazaro-cardenas-meoqui","status":"publish","type":"post","link":"https:\/\/alcierrenoticias.com\/index.php\/2025\/07\/01\/entregan-250-vales-de-uniformes-escolares-o-calzado-escolar-gratuitos-en-lazaro-cardenas-meoqui\/","title":{"rendered":"Entregan 250 Vales de Uniformes Escolares o Calzado Escolar Gratuitos en L\u00e1zaro C\u00e1rdenas, Meoqui."},"content":{"rendered":"<p>Continuar\u00e1n hasta el 3 de julio en la Primaria Abraham Gonz\u00e1lez<\/p>\n<p>En Meoqui se dio arranque al programa de Vales de Uniformes Escolares o Calzado Escolar Gratuitos para preescolar, primaria y secundaria en el seccional de L\u00e1zaro C\u00e1rdenas, donde se entregaron 250 en el m\u00f3dulo instalado en la primaria Abraham Gonz\u00e1lez el cual estar\u00e1 hasta el d\u00eda jueves 3 de julio en un horario de 9 a 1 de la tarde.<\/p>\n<p>As\u00ed lo mencion\u00f3 Zenyith P\u00e9rez, directora de Desarrollo Social, quien a\u00f1adi\u00f3 que aun a pesar de las lluvias de esta ma\u00f1ana, la ciudadan\u00eda acudi\u00f3 desde poco antes de que comenzaran la entrega: \u201cHab\u00eda personas que desde antes que lleg\u00e1ramos, todo el tiempo hubo buena afluencia, por lo que esperamos que la gente de C\u00e1rdenas y sus alrededores pueda aprovechar estos d\u00edas\u201d.<\/p>\n<p>Asimismo, record\u00f3 que el d\u00eda 4 de julio estar\u00e1n en la Presidencia Seccional de L\u00e1zaro C\u00e1rdenas y del 7 al 31 de julio se instalar\u00e1n en la Presidencia Municipal de Meoqui: \u201cEste es un compromiso de alcaldesa Miriam Soto, es un programa que se ha venido realizando desde el inicio de su gobierno con el objetivo de ayudar a las familias en el tema de econ\u00f3mico\u201d.<\/p>\n<p>Finalmente record\u00f3 que no importa cu\u00e1ntos ni\u00f1os tengan en casa, todos podr\u00e1n ser beneficiados con este programa, el cual brinda un vale con valor de 350 pesos que se puede canjear por uniformes o calzado escolar, siendo estos los requisitos:<\/p>\n<p>CURP del menor<br \/>\nComprobante de domicilio<br \/>\nINE del padre, madre o tutor<br \/>\nAplicaci\u00f3n de estudio socioecon\u00f3mico<\/p>\n","protected":false},"excerpt":{"rendered":"<p>Continuar\u00e1n hasta el 3 de julio en la Primaria Abraham Gonz\u00e1lez En Meoqui se dio arranque al programa de Vales de Uniformes Escolares o Calzado Escolar Gratuitos para preescolar, primaria y secundaria en el seccional de L\u00e1zaro C\u00e1rdenas, donde se entregaron 250 en el m\u00f3dulo instalado en la primaria Abraham Gonz\u00e1lez el cual estar\u00e1 hasta el d\u00eda jueves 3 de julio en un horario de 9 a 1 de la tarde. As\u00ed lo mencion\u00f3 Zenyith P\u00e9rez, directora de Desarrollo Social, quien a\u00f1adi\u00f3 que aun a pesar de las lluvias de esta ma\u00f1ana, la ciudadan\u00eda acudi\u00f3 desde poco antes de que comenzaran la entrega: \u201cHab\u00eda personas que desde antes que lleg\u00e1ramos, todo el tiempo hubo buena afluencia, por lo que esperamos que la gente de C\u00e1rdenas y sus alrededores pueda aprovechar estos d\u00edas\u201d. Asimismo, record\u00f3 que el d\u00eda 4 de julio estar\u00e1n en la Presidencia Seccional de L\u00e1zaro C\u00e1rdenas y del 7 al 31 de julio se instalar\u00e1n en la Presidencia Municipal de Meoqui: \u201cEste es un compromiso de alcaldesa Miriam Soto, es un programa que se ha venido realizando desde el inicio de su gobierno con el objetivo de ayudar a las familias en el tema de econ\u00f3mico\u201d. Finalmente record\u00f3 que no importa cu\u00e1ntos ni\u00f1os tengan en casa, todos podr\u00e1n ser beneficiados con este programa, el cual brinda un vale con valor de 350 pesos que se puede canjear por uniformes o calzado escolar, siendo estos los requisitos: CURP del menor Comprobante de domicilio INE del padre, madre o tutor Aplicaci\u00f3n de estudio socioecon\u00f3mico<\/p>\n","protected":false},"author":2,"featured_media":16064,"comment_status":"open","ping_status":"open","sticky":false,"template":"","format":"standard","meta":{"_monsterinsights_skip_tracking":false,"_monsterinsights_sitenote_active":false,"_monsterinsights_sitenote_note":"","_monsterinsights_sitenote_category":0,"advanced_seo_description":"","jetpack_seo_html_title":"","jetpack_seo_noindex":false,"_jetpack_memberships_contains_paid_content":false,"footnotes":"","jetpack_publicize_message":"","jetpack_publicize_feature_enabled":true,"jetpack_social_post_already_shared":true,"jetpack_social_options":{"image_generator_settings":{"template":"highway","enabled":false},"version":2}},"categories":[135,7,11],"tags":[],"class_list":["post-16063","post","type-post","status-publish","format-standard","has-post-thumbnail","hentry","category-lo-mas-leido","category-local","category-principal"],"jetpack_publicize_connections":[],"jetpack_sharing_enabled":true,"jetpack_featured_media_url":"https:\/\/i0.wp.com\/alcierrenoticias.com\/wp-content\/uploads\/2025\/07\/WhatsApp-Image-2025-07-01-at-3.42.34-PM.jpeg?fit=1022%2C766&ssl=1","amp_enabled":true,"_links":{"self":[{"href":"https:\/\/alcierrenoticias.com\/index.php\/wp-json\/wp\/v2\/posts\/16063","targetHints":{"allow":["GET"]}}],"collection":[{"href":"https:\/\/alcierrenoticias.com\/index.php\/wp-json\/wp\/v2\/posts"}],"about":[{"href":"https:\/\/alcierrenoticias.com\/index.php\/wp-json\/wp\/v2\/types\/post"}],"author":[{"embeddable":true,"href":"https:\/\/alcierrenoticias.com\/index.php\/wp-json\/wp\/v2\/users\/2"}],"replies":[{"embeddable":true,"href":"https:\/\/alcierrenoticias.com\/index.php\/wp-json\/wp\/v2\/comments?post=16063"}],"version-history":[{"count":1,"href":"https:\/\/alcierrenoticias.com\/index.php\/wp-json\/wp\/v2\/posts\/16063\/revisions"}],"predecessor-version":[{"id":16065,"href":"https:\/\/alcierrenoticias.com\/index.php\/wp-json\/wp\/v2\/posts\/16063\/revisions\/16065"}],"wp:featuredmedia":[{"embeddable":true,"href":"https:\/\/alcierrenoticias.com\/index.php\/wp-json\/wp\/v2\/media\/16064"}],"wp:attachment":[{"href":"https:\/\/alcierrenoticias.com\/index.php\/wp-json\/wp\/v2\/media?parent=16063"}],"wp:term":[{"taxonomy":"category","embeddable":true,"href":"https:\/\/alcierrenoticias.com\/index.php\/wp-json\/wp\/v2\/categories?post=16063"},{"taxonomy":"post_tag","embeddable":true,"href":"https:\/\/alcierrenoticias.com\/index.php\/wp-json\/wp\/v2\/tags?post=16063"}],"curies":[{"name":"wp","href":"https:\/\/api.w.org\/{rel}","templated":true}]}}