{"id":16060,"date":"2025-07-01T15:58:47","date_gmt":"2025-07-01T21:58:47","guid":{"rendered":"https:\/\/alcierrenoticias.com\/?p=16060"},"modified":"2025-07-01T22:24:10","modified_gmt":"2025-07-02T04:24:10","slug":"concluye-primera-etapa-del-programa-de-ocupacion-temporal-en-meoqui","status":"publish","type":"post","link":"https:\/\/alcierrenoticias.com\/index.php\/2025\/07\/01\/concluye-primera-etapa-del-programa-de-ocupacion-temporal-en-meoqui\/","title":{"rendered":"Concluye primera etapa del Programa de Ocupaci\u00f3n Temporal en Meoqui."},"content":{"rendered":"<p>Este lunes iniciar\u00e1 la segunda etapa, beneficiando a otras 100 personas<\/p>\n<p>En Meoqui, se concluy\u00f3 la primera etapa del programa de Empleo Temporal, donde fueron beneficiados m\u00e1s de 100 personas, quienes, durante un mes, realizaron diversos trabajos de limpieza y reforestaci\u00f3n en diferentes sectores del municipio.<\/p>\n<p>\u201cAgradecemos mucho a la Secretar\u00eda de Desarrollo Humano y Bien Com\u00fan por atender las gestiones de nuestra alcaldesa Miriam Soto para poder beneficiar a familias meoquenses en donde realizaron diversas actividades como limpieza y reforestaci\u00f3n, estamos cerrando etapa donde se beneficiaron a 100 personas y el lunes empezamos con la segunda etapa donde beneficiamos a m\u00e1s de 100 personas nuevamente\u201d, coment\u00f3 el director de Desarrollo Econ\u00f3mico y Turismo, Alan Mata.<\/p>\n<p>El director destac\u00f3 que, en esta segunda etapa, se trabajara en las comunidades de Estaci\u00f3n Consuelo, Guadalupe Victoria y L\u00e1zaro C\u00e1rdenas: \u201cEstamos muy contentos porque este programa apoya de manera positiva, muy noble y que viene a apoyar a las v\u00edctimas de la sequ\u00eda\u201d, concluy\u00f3.<\/p>\n","protected":false},"excerpt":{"rendered":"<p>Este lunes iniciar\u00e1 la segunda etapa, beneficiando a otras 100 personas En Meoqui, se concluy\u00f3 la primera etapa del programa de Empleo Temporal, donde fueron beneficiados m\u00e1s de 100 personas, quienes, durante un mes, realizaron diversos trabajos de limpieza y reforestaci\u00f3n en diferentes sectores del municipio. \u201cAgradecemos mucho a la Secretar\u00eda de Desarrollo Humano y Bien Com\u00fan por atender las gestiones de nuestra alcaldesa Miriam Soto para poder beneficiar a familias meoquenses en donde realizaron diversas actividades como limpieza y reforestaci\u00f3n, estamos cerrando etapa donde se beneficiaron a 100 personas y el lunes empezamos con la segunda etapa donde beneficiamos a m\u00e1s de 100 personas nuevamente\u201d, coment\u00f3 el director de Desarrollo Econ\u00f3mico y Turismo, Alan Mata. El director destac\u00f3 que, en esta segunda etapa, se trabajara en las comunidades de Estaci\u00f3n Consuelo, Guadalupe Victoria y L\u00e1zaro C\u00e1rdenas: \u201cEstamos muy contentos porque este programa apoya de manera positiva, muy noble y que viene a apoyar a las v\u00edctimas de la sequ\u00eda\u201d, concluy\u00f3.<\/p>\n","protected":false},"author":2,"featured_media":16061,"comment_status":"open","ping_status":"open","sticky":false,"template":"","format":"standard","meta":{"_monsterinsights_skip_tracking":false,"_monsterinsights_sitenote_active":false,"_monsterinsights_sitenote_note":"","_monsterinsights_sitenote_category":0,"advanced_seo_description":"","jetpack_seo_html_title":"","jetpack_seo_noindex":false,"_jetpack_memberships_contains_paid_content":false,"footnotes":"","jetpack_publicize_message":"","jetpack_publicize_feature_enabled":true,"jetpack_social_post_already_shared":true,"jetpack_social_options":{"image_generator_settings":{"template":"highway","enabled":false},"version":2}},"categories":[135,7,11],"tags":[],"class_list":["post-16060","post","type-post","status-publish","format-standard","has-post-thumbnail","hentry","category-lo-mas-leido","category-local","category-principal"],"jetpack_publicize_connections":[],"jetpack_sharing_enabled":true,"jetpack_featured_media_url":"https:\/\/i0.wp.com\/alcierrenoticias.com\/wp-content\/uploads\/2025\/07\/WhatsApp-Image-2025-07-01-at-3.42.25-PM.jpeg?fit=1280%2C853&ssl=1","amp_enabled":true,"_links":{"self":[{"href":"https:\/\/alcierrenoticias.com\/index.php\/wp-json\/wp\/v2\/posts\/16060","targetHints":{"allow":["GET"]}}],"collection":[{"href":"https:\/\/alcierrenoticias.com\/index.php\/wp-json\/wp\/v2\/posts"}],"about":[{"href":"https:\/\/alcierrenoticias.com\/index.php\/wp-json\/wp\/v2\/types\/post"}],"author":[{"embeddable":true,"href":"https:\/\/alcierrenoticias.com\/index.php\/wp-json\/wp\/v2\/users\/2"}],"replies":[{"embeddable":true,"href":"https:\/\/alcierrenoticias.com\/index.php\/wp-json\/wp\/v2\/comments?post=16060"}],"version-history":[{"count":1,"href":"https:\/\/alcierrenoticias.com\/index.php\/wp-json\/wp\/v2\/posts\/16060\/revisions"}],"predecessor-version":[{"id":16062,"href":"https:\/\/alcierrenoticias.com\/index.php\/wp-json\/wp\/v2\/posts\/16060\/revisions\/16062"}],"wp:featuredmedia":[{"embeddable":true,"href":"https:\/\/alcierrenoticias.com\/index.php\/wp-json\/wp\/v2\/media\/16061"}],"wp:attachment":[{"href":"https:\/\/alcierrenoticias.com\/index.php\/wp-json\/wp\/v2\/media?parent=16060"}],"wp:term":[{"taxonomy":"category","embeddable":true,"href":"https:\/\/alcierrenoticias.com\/index.php\/wp-json\/wp\/v2\/categories?post=16060"},{"taxonomy":"post_tag","embeddable":true,"href":"https:\/\/alcierrenoticias.com\/index.php\/wp-json\/wp\/v2\/tags?post=16060"}],"curies":[{"name":"wp","href":"https:\/\/api.w.org\/{rel}","templated":true}]}}