{"id":16049,"date":"2025-07-01T10:58:43","date_gmt":"2025-07-01T16:58:43","guid":{"rendered":"https:\/\/alcierrenoticias.com\/?p=16049"},"modified":"2025-07-01T22:03:03","modified_gmt":"2025-07-02T04:03:03","slug":"vialidad-continua-con-la-colocacion-y-rehabilitacion-de-senalamientos-en-avenidas-de-camargo","status":"publish","type":"post","link":"https:\/\/alcierrenoticias.com\/index.php\/2025\/07\/01\/vialidad-continua-con-la-colocacion-y-rehabilitacion-de-senalamientos-en-avenidas-de-camargo\/","title":{"rendered":"Vialidad contin\u00faa con la colocaci\u00f3n y rehabilitaci\u00f3n de se\u00f1alamientos en avenidas de Camargo."},"content":{"rendered":"<p>La Direcci\u00f3n de Vialidad contin\u00faa con los trabajos de reposici\u00f3n y rehabilitaci\u00f3n de se\u00f1alamientos viales en distintos puntos de la ciudad, con el objetivo de fortalecer la seguridad de automovilistas y peatones.<\/p>\n<p>En esta etapa, se realizaron labores de reposici\u00f3n de se\u00f1alamientos de alto en los siguientes cruces:<\/p>\n<p>Calle 2 de Abril y Vicente Su\u00e1rez<br \/>\nVicente Su\u00e1rez y 20 de Noviembre<br \/>\nCalle 2 de Abril y Bocanegra<br \/>\nEl presidente municipal Jorge Aldana destac\u00f3 la importancia de mantener en buen estado la se\u00f1alizaci\u00f3n vial como parte de las acciones permanentes para prevenir accidentes y mejorar la movilidad urbana. \u201cEstamos reforzando los puntos donde los se\u00f1alamientos han sido da\u00f1ados o retirados, y vamos a seguir avanzando por toda la ciudad\u201d, se\u00f1al\u00f3.<\/p>\n<p>Se pide a la ciudadan\u00eda respetar los se\u00f1alamientos y evitar actos de vandalismo que comprometan la seguridad de quienes transitan por las calles de Camargo.<\/p>\n<p>Estas acciones forman parte del compromiso de la actual administraci\u00f3n para garantizar vialidades m\u00e1s seguras y ordenadas para todas y todos.<\/p>\n","protected":false},"excerpt":{"rendered":"<p>La Direcci\u00f3n de Vialidad contin\u00faa con los trabajos de reposici\u00f3n y rehabilitaci\u00f3n de se\u00f1alamientos viales en distintos puntos de la ciudad, con el objetivo de fortalecer la seguridad de automovilistas y peatones. En esta etapa, se realizaron labores de reposici\u00f3n de se\u00f1alamientos de alto en los siguientes cruces: Calle 2 de Abril y Vicente Su\u00e1rez Vicente Su\u00e1rez y 20 de Noviembre Calle 2 de Abril y Bocanegra El presidente municipal Jorge Aldana destac\u00f3 la importancia de mantener en buen estado la se\u00f1alizaci\u00f3n vial como parte de las acciones permanentes para prevenir accidentes y mejorar la movilidad urbana. \u201cEstamos reforzando los puntos donde los se\u00f1alamientos han sido da\u00f1ados o retirados, y vamos a seguir avanzando por toda la ciudad\u201d, se\u00f1al\u00f3. Se pide a la ciudadan\u00eda respetar los se\u00f1alamientos y evitar actos de vandalismo que comprometan la seguridad de quienes transitan por las calles de Camargo. Estas acciones forman parte del compromiso de la actual administraci\u00f3n para garantizar vialidades m\u00e1s seguras y ordenadas para todas y todos.<\/p>\n","protected":false},"author":2,"featured_media":16050,"comment_status":"open","ping_status":"open","sticky":false,"template":"","format":"standard","meta":{"_monsterinsights_skip_tracking":false,"_monsterinsights_sitenote_active":false,"_monsterinsights_sitenote_note":"","_monsterinsights_sitenote_category":0,"advanced_seo_description":"","jetpack_seo_html_title":"","jetpack_seo_noindex":false,"_jetpack_memberships_contains_paid_content":false,"footnotes":"","jetpack_publicize_message":"","jetpack_publicize_feature_enabled":true,"jetpack_social_post_already_shared":true,"jetpack_social_options":{"image_generator_settings":{"template":"highway","enabled":false},"version":2}},"categories":[135,7,11],"tags":[],"class_list":["post-16049","post","type-post","status-publish","format-standard","has-post-thumbnail","hentry","category-lo-mas-leido","category-local","category-principal"],"jetpack_publicize_connections":[],"jetpack_sharing_enabled":true,"jetpack_featured_media_url":"https:\/\/i0.wp.com\/alcierrenoticias.com\/wp-content\/uploads\/2025\/07\/WhatsApp-Image-2025-07-01-at-10.50.30-AM.jpeg?fit=1200%2C688&ssl=1","amp_enabled":true,"_links":{"self":[{"href":"https:\/\/alcierrenoticias.com\/index.php\/wp-json\/wp\/v2\/posts\/16049","targetHints":{"allow":["GET"]}}],"collection":[{"href":"https:\/\/alcierrenoticias.com\/index.php\/wp-json\/wp\/v2\/posts"}],"about":[{"href":"https:\/\/alcierrenoticias.com\/index.php\/wp-json\/wp\/v2\/types\/post"}],"author":[{"embeddable":true,"href":"https:\/\/alcierrenoticias.com\/index.php\/wp-json\/wp\/v2\/users\/2"}],"replies":[{"embeddable":true,"href":"https:\/\/alcierrenoticias.com\/index.php\/wp-json\/wp\/v2\/comments?post=16049"}],"version-history":[{"count":1,"href":"https:\/\/alcierrenoticias.com\/index.php\/wp-json\/wp\/v2\/posts\/16049\/revisions"}],"predecessor-version":[{"id":16051,"href":"https:\/\/alcierrenoticias.com\/index.php\/wp-json\/wp\/v2\/posts\/16049\/revisions\/16051"}],"wp:featuredmedia":[{"embeddable":true,"href":"https:\/\/alcierrenoticias.com\/index.php\/wp-json\/wp\/v2\/media\/16050"}],"wp:attachment":[{"href":"https:\/\/alcierrenoticias.com\/index.php\/wp-json\/wp\/v2\/media?parent=16049"}],"wp:term":[{"taxonomy":"category","embeddable":true,"href":"https:\/\/alcierrenoticias.com\/index.php\/wp-json\/wp\/v2\/categories?post=16049"},{"taxonomy":"post_tag","embeddable":true,"href":"https:\/\/alcierrenoticias.com\/index.php\/wp-json\/wp\/v2\/tags?post=16049"}],"curies":[{"name":"wp","href":"https:\/\/api.w.org\/{rel}","templated":true}]}}