{"id":16042,"date":"2025-06-30T15:51:43","date_gmt":"2025-06-30T21:51:43","guid":{"rendered":"https:\/\/alcierrenoticias.com\/?p=16042"},"modified":"2025-06-30T20:56:39","modified_gmt":"2025-07-01T02:56:39","slug":"alerta-vial-cierre-temporal-de-la-calle-juan-de-dios-peza-por-trabajos-de-bacheo-en-camargo","status":"publish","type":"post","link":"https:\/\/alcierrenoticias.com\/index.php\/2025\/06\/30\/alerta-vial-cierre-temporal-de-la-calle-juan-de-dios-peza-por-trabajos-de-bacheo-en-camargo\/","title":{"rendered":"Alerta vial: Cierre temporal de la calle Juan De Dios peza por trabajos de bacheo en camargo."},"content":{"rendered":"<p>El Gobierno Municipal de Camargo, a trav\u00e9s de la Direcci\u00f3n de Obras P\u00fablicas y Desarrollo Urbano, informa a la ciudadan\u00eda que, debido a trabajos de bacheo, la calle Juan de Dios Peza permanecer\u00e1 cerrada a la circulaci\u00f3n en el tramo comprendido entre Seguridad P\u00fablica y el Poliforo V\u00edctor Valles Arrieta.<\/p>\n<p>La circulaci\u00f3n estar\u00e1 cerrada aproximadamente por tres d\u00edas, sin embargo, el avance de los trabajos depender\u00e1 de las condiciones del clima, ya que existe probabilidad de lluvia. Esto con el fin de evitar confusiones en caso de que temporalmente se detengan las labores por cuestiones meteorol\u00f3gicas.<\/p>\n<p>Esta intervenci\u00f3n forma parte de las acciones permanentes para mejorar las condiciones viales del Municipio de Camargo, y tiene como objetivo garantizar mayor seguridad y comodidad para quienes transitan por esta importante v\u00eda.<\/p>\n<p>Se exhorta a la poblaci\u00f3n a:<br \/>\nEvitar estacionarse en la zona intervenida.<br \/>\nRespetar la se\u00f1alizaci\u00f3n colocada.<br \/>\nBuscar rutas alternas para su traslado.<\/p>\n<p>Agradecemos su comprensi\u00f3n y colaboraci\u00f3n mientras trabajamos para brindar vialidades m\u00e1s seguras y funcionales para todos.<\/p>\n","protected":false},"excerpt":{"rendered":"<p>El Gobierno Municipal de Camargo, a trav\u00e9s de la Direcci\u00f3n de Obras P\u00fablicas y Desarrollo Urbano, informa a la ciudadan\u00eda que, debido a trabajos de bacheo, la calle Juan de Dios Peza permanecer\u00e1 cerrada a la circulaci\u00f3n en el tramo comprendido entre Seguridad P\u00fablica y el Poliforo V\u00edctor Valles Arrieta. La circulaci\u00f3n estar\u00e1 cerrada aproximadamente por tres d\u00edas, sin embargo, el avance de los trabajos depender\u00e1 de las condiciones del clima, ya que existe probabilidad de lluvia. Esto con el fin de evitar confusiones en caso de que temporalmente se detengan las labores por cuestiones meteorol\u00f3gicas. Esta intervenci\u00f3n forma parte de las acciones permanentes para mejorar las condiciones viales del Municipio de Camargo, y tiene como objetivo garantizar mayor seguridad y comodidad para quienes transitan por esta importante v\u00eda. Se exhorta a la poblaci\u00f3n a: Evitar estacionarse en la zona intervenida. Respetar la se\u00f1alizaci\u00f3n colocada. Buscar rutas alternas para su traslado. Agradecemos su comprensi\u00f3n y colaboraci\u00f3n mientras trabajamos para brindar vialidades m\u00e1s seguras y funcionales para todos.<\/p>\n","protected":false},"author":2,"featured_media":16043,"comment_status":"open","ping_status":"open","sticky":false,"template":"","format":"standard","meta":{"_monsterinsights_skip_tracking":false,"_monsterinsights_sitenote_active":false,"_monsterinsights_sitenote_note":"","_monsterinsights_sitenote_category":0,"advanced_seo_description":"","jetpack_seo_html_title":"","jetpack_seo_noindex":false,"_jetpack_memberships_contains_paid_content":false,"footnotes":"","jetpack_publicize_message":"","jetpack_publicize_feature_enabled":true,"jetpack_social_post_already_shared":true,"jetpack_social_options":{"image_generator_settings":{"template":"highway","enabled":false},"version":2}},"categories":[8,135,11],"tags":[],"class_list":["post-16042","post","type-post","status-publish","format-standard","has-post-thumbnail","hentry","category-estado","category-lo-mas-leido","category-principal"],"jetpack_publicize_connections":[],"jetpack_sharing_enabled":true,"jetpack_featured_media_url":"https:\/\/i0.wp.com\/alcierrenoticias.com\/wp-content\/uploads\/2025\/06\/WhatsApp-Image-2025-06-30-at-3.34.18-PM-e1751338536671.jpeg?fit=500%2C625&ssl=1","amp_enabled":true,"_links":{"self":[{"href":"https:\/\/alcierrenoticias.com\/index.php\/wp-json\/wp\/v2\/posts\/16042","targetHints":{"allow":["GET"]}}],"collection":[{"href":"https:\/\/alcierrenoticias.com\/index.php\/wp-json\/wp\/v2\/posts"}],"about":[{"href":"https:\/\/alcierrenoticias.com\/index.php\/wp-json\/wp\/v2\/types\/post"}],"author":[{"embeddable":true,"href":"https:\/\/alcierrenoticias.com\/index.php\/wp-json\/wp\/v2\/users\/2"}],"replies":[{"embeddable":true,"href":"https:\/\/alcierrenoticias.com\/index.php\/wp-json\/wp\/v2\/comments?post=16042"}],"version-history":[{"count":2,"href":"https:\/\/alcierrenoticias.com\/index.php\/wp-json\/wp\/v2\/posts\/16042\/revisions"}],"predecessor-version":[{"id":16045,"href":"https:\/\/alcierrenoticias.com\/index.php\/wp-json\/wp\/v2\/posts\/16042\/revisions\/16045"}],"wp:featuredmedia":[{"embeddable":true,"href":"https:\/\/alcierrenoticias.com\/index.php\/wp-json\/wp\/v2\/media\/16043"}],"wp:attachment":[{"href":"https:\/\/alcierrenoticias.com\/index.php\/wp-json\/wp\/v2\/media?parent=16042"}],"wp:term":[{"taxonomy":"category","embeddable":true,"href":"https:\/\/alcierrenoticias.com\/index.php\/wp-json\/wp\/v2\/categories?post=16042"},{"taxonomy":"post_tag","embeddable":true,"href":"https:\/\/alcierrenoticias.com\/index.php\/wp-json\/wp\/v2\/tags?post=16042"}],"curies":[{"name":"wp","href":"https:\/\/api.w.org\/{rel}","templated":true}]}}