{"id":16026,"date":"2025-06-30T13:39:42","date_gmt":"2025-06-30T19:39:42","guid":{"rendered":"https:\/\/alcierrenoticias.com\/?p=16026"},"modified":"2025-06-30T20:42:50","modified_gmt":"2025-07-01T02:42:50","slug":"invita-municipio-e-instituto-de-la-mujer-a-campana-gratuita-de-mastografia-y-papanicolaou","status":"publish","type":"post","link":"https:\/\/alcierrenoticias.com\/index.php\/2025\/06\/30\/invita-municipio-e-instituto-de-la-mujer-a-campana-gratuita-de-mastografia-y-papanicolaou\/","title":{"rendered":"Invita Municipio e Instituto de la Mujer a campa\u00f1a gratuita de mastograf\u00eda y papanicolaou."},"content":{"rendered":"<p>El Gobierno Municipal de Camargo y el Instituto Camarguense de la Mujer invitan a todas las mujeres a participar en la campa\u00f1a gratuita de mastograf\u00eda y papanicolaou, que se llevar\u00e1 a cabo del 7 al 14 de julio, en un horario de 8:00 am a 2:00 pm, en las instalaciones del Poliforo V\u00edctor Vall\u00e9s Arrieta.<\/p>\n<p>Esta jornada tiene como objetivo fomentar la detecci\u00f3n oportuna del c\u00e1ncer de mama y del c\u00e1ncer cervicouterino, promoviendo la salud preventiva en las mujeres camarguenses.<\/p>\n<p>Las interesadas deber\u00e1n inscribirse previamente en el ICM para acceder a estos estudios sin costo alguno.<\/p>\n<p>Al respecto, el Presidente Municipal Jorge Aldana expres\u00f3:<br \/>\n&#8220;Nos comprometimos a trabajar por la salud y el bienestar de todas las mujeres camarguenses. Esta campa\u00f1a es una herramienta importante para detectar a tiempo enfermedades que pueden prevenirse. Las invito a que aprovechen este apoyo que gestionamos con mucho cari\u00f1o y responsabilidad.&#8221;<\/p>\n<p>\u00a1No dejes pasar esta oportunidad! Tu salud es lo m\u00e1s importante.<\/p>\n","protected":false},"excerpt":{"rendered":"<p>El Gobierno Municipal de Camargo y el Instituto Camarguense de la Mujer invitan a todas las mujeres a participar en la campa\u00f1a gratuita de mastograf\u00eda y papanicolaou, que se llevar\u00e1 a cabo del 7 al 14 de julio, en un horario de 8:00 am a 2:00 pm, en las instalaciones del Poliforo V\u00edctor Vall\u00e9s Arrieta. Esta jornada tiene como objetivo fomentar la detecci\u00f3n oportuna del c\u00e1ncer de mama y del c\u00e1ncer cervicouterino, promoviendo la salud preventiva en las mujeres camarguenses. Las interesadas deber\u00e1n inscribirse previamente en el ICM para acceder a estos estudios sin costo alguno. Al respecto, el Presidente Municipal Jorge Aldana expres\u00f3: &#8220;Nos comprometimos a trabajar por la salud y el bienestar de todas las mujeres camarguenses. Esta campa\u00f1a es una herramienta importante para detectar a tiempo enfermedades que pueden prevenirse. Las invito a que aprovechen este apoyo que gestionamos con mucho cari\u00f1o y responsabilidad.&#8221; \u00a1No dejes pasar esta oportunidad! Tu salud es lo m\u00e1s importante.<\/p>\n","protected":false},"author":2,"featured_media":16028,"comment_status":"open","ping_status":"open","sticky":false,"template":"","format":"standard","meta":{"_monsterinsights_skip_tracking":false,"_monsterinsights_sitenote_active":false,"_monsterinsights_sitenote_note":"","_monsterinsights_sitenote_category":0,"advanced_seo_description":"","jetpack_seo_html_title":"","jetpack_seo_noindex":false,"_jetpack_memberships_contains_paid_content":false,"footnotes":"","jetpack_publicize_message":"","jetpack_publicize_feature_enabled":true,"jetpack_social_post_already_shared":true,"jetpack_social_options":{"image_generator_settings":{"template":"highway","enabled":false},"version":2}},"categories":[8,135,11],"tags":[],"class_list":["post-16026","post","type-post","status-publish","format-standard","has-post-thumbnail","hentry","category-estado","category-lo-mas-leido","category-principal"],"jetpack_publicize_connections":[],"jetpack_sharing_enabled":true,"jetpack_featured_media_url":"https:\/\/i0.wp.com\/alcierrenoticias.com\/wp-content\/uploads\/2025\/06\/WhatsApp-Image-2025-06-30-at-1.37.05-PM-e1751337732247.jpeg?fit=500%2C261&ssl=1","amp_enabled":true,"_links":{"self":[{"href":"https:\/\/alcierrenoticias.com\/index.php\/wp-json\/wp\/v2\/posts\/16026","targetHints":{"allow":["GET"]}}],"collection":[{"href":"https:\/\/alcierrenoticias.com\/index.php\/wp-json\/wp\/v2\/posts"}],"about":[{"href":"https:\/\/alcierrenoticias.com\/index.php\/wp-json\/wp\/v2\/types\/post"}],"author":[{"embeddable":true,"href":"https:\/\/alcierrenoticias.com\/index.php\/wp-json\/wp\/v2\/users\/2"}],"replies":[{"embeddable":true,"href":"https:\/\/alcierrenoticias.com\/index.php\/wp-json\/wp\/v2\/comments?post=16026"}],"version-history":[{"count":2,"href":"https:\/\/alcierrenoticias.com\/index.php\/wp-json\/wp\/v2\/posts\/16026\/revisions"}],"predecessor-version":[{"id":16029,"href":"https:\/\/alcierrenoticias.com\/index.php\/wp-json\/wp\/v2\/posts\/16026\/revisions\/16029"}],"wp:featuredmedia":[{"embeddable":true,"href":"https:\/\/alcierrenoticias.com\/index.php\/wp-json\/wp\/v2\/media\/16028"}],"wp:attachment":[{"href":"https:\/\/alcierrenoticias.com\/index.php\/wp-json\/wp\/v2\/media?parent=16026"}],"wp:term":[{"taxonomy":"category","embeddable":true,"href":"https:\/\/alcierrenoticias.com\/index.php\/wp-json\/wp\/v2\/categories?post=16026"},{"taxonomy":"post_tag","embeddable":true,"href":"https:\/\/alcierrenoticias.com\/index.php\/wp-json\/wp\/v2\/tags?post=16026"}],"curies":[{"name":"wp","href":"https:\/\/api.w.org\/{rel}","templated":true}]}}