{"id":16019,"date":"2025-06-29T13:06:29","date_gmt":"2025-06-29T19:06:29","guid":{"rendered":"https:\/\/alcierrenoticias.com\/?p=16019"},"modified":"2025-06-29T13:06:29","modified_gmt":"2025-06-29T19:06:29","slug":"inicia-rehabilitacion-de-la-avenida-las-moras-si-el-clima-lo-permite-valenciano","status":"publish","type":"post","link":"https:\/\/alcierrenoticias.com\/index.php\/2025\/06\/29\/inicia-rehabilitacion-de-la-avenida-las-moras-si-el-clima-lo-permite-valenciano\/","title":{"rendered":"Inicia rehabilitaci\u00f3n de la avenida Las Moras si el clima lo permite: Valenciano."},"content":{"rendered":"<p>Si las condiciones clim\u00e1ticas lo permiten, este lunes comenzar\u00e1n los trabajos de rehabilitaci\u00f3n de la avenida Las Moras, en el tramo que va desde el Parque Vida hasta la avenida R\u00edo San Pedro, as\u00ed lo anunci\u00f3 el presidente municipal Jes\u00fas Valenciano Garc\u00eda durante una visita de supervisi\u00f3n a la zona.<\/p>\n<p>Acompa\u00f1ado por el director de Obras P\u00fablicas, Alfonso Rodr\u00edguez, el alcalde explic\u00f3 que este tramo presenta un deterioro considerable. \u201cYa es bache sobre bache, ya no hay manera de seguirlo bacheando, adem\u00e1s de los bordos que tiene\u201d, se\u00f1al\u00f3 al destacar la necesidad urgente de una intervenci\u00f3n integral.<\/p>\n<p>Valenciano Garc\u00eda inform\u00f3 que se realizar\u00e1 el fresado de la superficie para proceder con el reencarpetado completo, cubriendo un \u00e1rea aproximada de m\u00e1s de 4,500 metros cuadrados. Esta acci\u00f3n forma parte del programa de mejoramiento vial que impulsa el gobierno municipal.<\/p>\n<p>La inversi\u00f3n estimada para esta obra ronda los 2 millones de pesos, y forma parte del compromiso de la administraci\u00f3n municipal por ofrecer vialidades dignas, seguras y funcionales para los ciudadanos y quienes transitan por la ciudad.<\/p>\n<p>Finalmente, el presidente municipal reiter\u00f3 que se mantiene firme el compromiso de seguir rehabilitando avenidas clave en Delicias, siempre priorizando aquellas con mayor flujo vehicular y que presentan un deterioro estructural evidente.<\/p>\n","protected":false},"excerpt":{"rendered":"<p>Si las condiciones clim\u00e1ticas lo permiten, este lunes comenzar\u00e1n los trabajos de rehabilitaci\u00f3n de la avenida Las Moras, en el tramo que va desde el Parque Vida hasta la avenida R\u00edo San Pedro, as\u00ed lo anunci\u00f3 el presidente municipal Jes\u00fas Valenciano Garc\u00eda durante una visita de supervisi\u00f3n a la zona. Acompa\u00f1ado por el director de Obras P\u00fablicas, Alfonso Rodr\u00edguez, el alcalde explic\u00f3 que este tramo presenta un deterioro considerable. \u201cYa es bache sobre bache, ya no hay manera de seguirlo bacheando, adem\u00e1s de los bordos que tiene\u201d, se\u00f1al\u00f3 al destacar la necesidad urgente de una intervenci\u00f3n integral. Valenciano Garc\u00eda inform\u00f3 que se realizar\u00e1 el fresado de la superficie para proceder con el reencarpetado completo, cubriendo un \u00e1rea aproximada de m\u00e1s de 4,500 metros cuadrados. Esta acci\u00f3n forma parte del programa de mejoramiento vial que impulsa el gobierno municipal. La inversi\u00f3n estimada para esta obra ronda los 2 millones de pesos, y forma parte del compromiso de la administraci\u00f3n municipal por ofrecer vialidades dignas, seguras y funcionales para los ciudadanos y quienes transitan por la ciudad. Finalmente, el presidente municipal reiter\u00f3 que se mantiene firme el compromiso de seguir rehabilitando avenidas clave en Delicias, siempre priorizando aquellas con mayor flujo vehicular y que presentan un deterioro estructural evidente.<\/p>\n","protected":false},"author":2,"featured_media":16020,"comment_status":"open","ping_status":"open","sticky":false,"template":"","format":"standard","meta":{"_monsterinsights_skip_tracking":false,"_monsterinsights_sitenote_active":false,"_monsterinsights_sitenote_note":"","_monsterinsights_sitenote_category":0,"advanced_seo_description":"","jetpack_seo_html_title":"","jetpack_seo_noindex":false,"_jetpack_memberships_contains_paid_content":false,"footnotes":"","jetpack_publicize_message":"","jetpack_publicize_feature_enabled":true,"jetpack_social_post_already_shared":true,"jetpack_social_options":{"image_generator_settings":{"template":"highway","enabled":false},"version":2}},"categories":[135,7,11],"tags":[],"class_list":["post-16019","post","type-post","status-publish","format-standard","has-post-thumbnail","hentry","category-lo-mas-leido","category-local","category-principal"],"jetpack_publicize_connections":[],"jetpack_sharing_enabled":true,"jetpack_featured_media_url":"https:\/\/i0.wp.com\/alcierrenoticias.com\/wp-content\/uploads\/2025\/06\/WhatsApp-Image-2025-06-29-at-12.58.21-PM-scaled.jpeg?fit=2560%2C1707&ssl=1","amp_enabled":true,"_links":{"self":[{"href":"https:\/\/alcierrenoticias.com\/index.php\/wp-json\/wp\/v2\/posts\/16019","targetHints":{"allow":["GET"]}}],"collection":[{"href":"https:\/\/alcierrenoticias.com\/index.php\/wp-json\/wp\/v2\/posts"}],"about":[{"href":"https:\/\/alcierrenoticias.com\/index.php\/wp-json\/wp\/v2\/types\/post"}],"author":[{"embeddable":true,"href":"https:\/\/alcierrenoticias.com\/index.php\/wp-json\/wp\/v2\/users\/2"}],"replies":[{"embeddable":true,"href":"https:\/\/alcierrenoticias.com\/index.php\/wp-json\/wp\/v2\/comments?post=16019"}],"version-history":[{"count":2,"href":"https:\/\/alcierrenoticias.com\/index.php\/wp-json\/wp\/v2\/posts\/16019\/revisions"}],"predecessor-version":[{"id":16022,"href":"https:\/\/alcierrenoticias.com\/index.php\/wp-json\/wp\/v2\/posts\/16019\/revisions\/16022"}],"wp:featuredmedia":[{"embeddable":true,"href":"https:\/\/alcierrenoticias.com\/index.php\/wp-json\/wp\/v2\/media\/16020"}],"wp:attachment":[{"href":"https:\/\/alcierrenoticias.com\/index.php\/wp-json\/wp\/v2\/media?parent=16019"}],"wp:term":[{"taxonomy":"category","embeddable":true,"href":"https:\/\/alcierrenoticias.com\/index.php\/wp-json\/wp\/v2\/categories?post=16019"},{"taxonomy":"post_tag","embeddable":true,"href":"https:\/\/alcierrenoticias.com\/index.php\/wp-json\/wp\/v2\/tags?post=16019"}],"curies":[{"name":"wp","href":"https:\/\/api.w.org\/{rel}","templated":true}]}}