{"id":16015,"date":"2025-06-28T18:08:55","date_gmt":"2025-06-29T00:08:55","guid":{"rendered":"https:\/\/alcierrenoticias.com\/?p=16015"},"modified":"2025-06-28T19:10:24","modified_gmt":"2025-06-29T01:10:24","slug":"por-inaugurarse-la-rehabilitacion-integral-de-paseo-zaragoza-en-meoqui","status":"publish","type":"post","link":"https:\/\/alcierrenoticias.com\/index.php\/2025\/06\/28\/por-inaugurarse-la-rehabilitacion-integral-de-paseo-zaragoza-en-meoqui\/","title":{"rendered":"Por inaugurarse la Rehabilitaci\u00f3n Integral de Paseo Zaragoza en Meoqui."},"content":{"rendered":"<p>La alcaldesa Miriam Soto entregar\u00e1 la obra, se ultiman detalles<\/p>\n<p>La Rehabilitaci\u00f3n Integral del Paseo Zaragoza se encuentra en los \u00faltimos detalles para ser entregada a los meoquenses por la alcaldesa Miriam Soto, donde actualmente se est\u00e1n realizando trabajos de pintura, en jardineras instalaci\u00f3n de mobiliario urbano, as\u00ed como colado de banquetas en zonas que estaban pendientes debido a la reubicaci\u00f3n de postes.<\/p>\n<p>Asi lo dio a conocer Ulises Escobar, director de Obras P\u00fablicas de Meoqui, quien mencion\u00f3 que la obra consisti\u00f3 en la renovaci\u00f3n total de los sistemas de agua potable, drenaje y aguas pluviales, que presentaban serias deficiencias por el desgaste del tiempo. Adem\u00e1s, se redise\u00f1\u00f3 el corredor central para dar paso a banquetas m\u00e1s amplias y seguras, enfocadas en la caminabilidad peatonal y en la movilidad urbana.<\/p>\n<p>&#8220;Esta obra ha sido una prioridad alcaldesa, Miriam Soto, quien ha estado al tanto en cada etapa. Hoy nos sentimos orgullosos de estar por entregar una obra que marcar\u00e1 un antes y un despu\u00e9s en la historia urbana de Meoqui\u201d, concluy\u00f3 el funcionario, a\u00f1adiendo que la entrega de esta obra se realizar\u00e1 en pr\u00f3ximos d\u00edas.<\/p>\n","protected":false},"excerpt":{"rendered":"<p>La alcaldesa Miriam Soto entregar\u00e1 la obra, se ultiman detalles La Rehabilitaci\u00f3n Integral del Paseo Zaragoza se encuentra en los \u00faltimos detalles para ser entregada a los meoquenses por la alcaldesa Miriam Soto, donde actualmente se est\u00e1n realizando trabajos de pintura, en jardineras instalaci\u00f3n de mobiliario urbano, as\u00ed como colado de banquetas en zonas que estaban pendientes debido a la reubicaci\u00f3n de postes. Asi lo dio a conocer Ulises Escobar, director de Obras P\u00fablicas de Meoqui, quien mencion\u00f3 que la obra consisti\u00f3 en la renovaci\u00f3n total de los sistemas de agua potable, drenaje y aguas pluviales, que presentaban serias deficiencias por el desgaste del tiempo. Adem\u00e1s, se redise\u00f1\u00f3 el corredor central para dar paso a banquetas m\u00e1s amplias y seguras, enfocadas en la caminabilidad peatonal y en la movilidad urbana. &#8220;Esta obra ha sido una prioridad alcaldesa, Miriam Soto, quien ha estado al tanto en cada etapa. Hoy nos sentimos orgullosos de estar por entregar una obra que marcar\u00e1 un antes y un despu\u00e9s en la historia urbana de Meoqui\u201d, concluy\u00f3 el funcionario, a\u00f1adiendo que la entrega de esta obra se realizar\u00e1 en pr\u00f3ximos d\u00edas.<\/p>\n","protected":false},"author":2,"featured_media":16016,"comment_status":"open","ping_status":"open","sticky":false,"template":"","format":"standard","meta":{"_monsterinsights_skip_tracking":false,"_monsterinsights_sitenote_active":false,"_monsterinsights_sitenote_note":"","_monsterinsights_sitenote_category":0,"advanced_seo_description":"","jetpack_seo_html_title":"","jetpack_seo_noindex":false,"_jetpack_memberships_contains_paid_content":false,"footnotes":"","jetpack_publicize_message":"","jetpack_publicize_feature_enabled":true,"jetpack_social_post_already_shared":true,"jetpack_social_options":{"image_generator_settings":{"template":"highway","enabled":false},"version":2}},"categories":[135,7,11],"tags":[],"class_list":["post-16015","post","type-post","status-publish","format-standard","has-post-thumbnail","hentry","category-lo-mas-leido","category-local","category-principal"],"jetpack_publicize_connections":[],"jetpack_sharing_enabled":true,"jetpack_featured_media_url":"https:\/\/i0.wp.com\/alcierrenoticias.com\/wp-content\/uploads\/2025\/06\/WhatsApp-Image-2025-06-28-at-5.57.55-PM.jpeg?fit=1280%2C853&ssl=1","amp_enabled":true,"_links":{"self":[{"href":"https:\/\/alcierrenoticias.com\/index.php\/wp-json\/wp\/v2\/posts\/16015","targetHints":{"allow":["GET"]}}],"collection":[{"href":"https:\/\/alcierrenoticias.com\/index.php\/wp-json\/wp\/v2\/posts"}],"about":[{"href":"https:\/\/alcierrenoticias.com\/index.php\/wp-json\/wp\/v2\/types\/post"}],"author":[{"embeddable":true,"href":"https:\/\/alcierrenoticias.com\/index.php\/wp-json\/wp\/v2\/users\/2"}],"replies":[{"embeddable":true,"href":"https:\/\/alcierrenoticias.com\/index.php\/wp-json\/wp\/v2\/comments?post=16015"}],"version-history":[{"count":2,"href":"https:\/\/alcierrenoticias.com\/index.php\/wp-json\/wp\/v2\/posts\/16015\/revisions"}],"predecessor-version":[{"id":16018,"href":"https:\/\/alcierrenoticias.com\/index.php\/wp-json\/wp\/v2\/posts\/16015\/revisions\/16018"}],"wp:featuredmedia":[{"embeddable":true,"href":"https:\/\/alcierrenoticias.com\/index.php\/wp-json\/wp\/v2\/media\/16016"}],"wp:attachment":[{"href":"https:\/\/alcierrenoticias.com\/index.php\/wp-json\/wp\/v2\/media?parent=16015"}],"wp:term":[{"taxonomy":"category","embeddable":true,"href":"https:\/\/alcierrenoticias.com\/index.php\/wp-json\/wp\/v2\/categories?post=16015"},{"taxonomy":"post_tag","embeddable":true,"href":"https:\/\/alcierrenoticias.com\/index.php\/wp-json\/wp\/v2\/tags?post=16015"}],"curies":[{"name":"wp","href":"https:\/\/api.w.org\/{rel}","templated":true}]}}