{"id":16007,"date":"2025-06-28T16:10:54","date_gmt":"2025-06-28T22:10:54","guid":{"rendered":"https:\/\/alcierrenoticias.com\/?p=16007"},"modified":"2025-06-28T18:48:18","modified_gmt":"2025-06-29T00:48:18","slug":"hoy-los-capitanes-de-ojinaga-en-la-feria-san-pedro-y-san-pablo-meoqui-2025","status":"publish","type":"post","link":"https:\/\/alcierrenoticias.com\/index.php\/2025\/06\/28\/hoy-los-capitanes-de-ojinaga-en-la-feria-san-pedro-y-san-pablo-meoqui-2025\/","title":{"rendered":"Hoy Los Capitanes de Ojinaga en la Feria San Pedro y San Pablo Meoqui 2025"},"content":{"rendered":"<p>Ma\u00f1ana gran cierre con Tropicalisimo Apache<\/p>\n<p>El dia de hoy 28 de junio la Feria San Pedro y San Pablo 2025 se vestir\u00e1 de gala con la presentaci\u00f3n de Los Capitanes de Ojinaga y el dia 29 la gran fiesta de los meoquenses cerrar\u00e1 con Tropicalisimo Apache, culminando los festejos del 316 aniversario del municipio.<\/p>\n<p>Adem\u00e1s, el domingo, a partir de las 6 de la tarde se llevara a cabo un desfile con diversos grupos de autos y motocicletas, iniciando en el Bulevar Eduardo Najere, recoriendo las principales calles del municipio y culminando en los terrenos de la Feria donde adem\u00e1s estar\u00e1 realizando una exhibici\u00f3n de los mismos.<\/p>\n<p>Gobierno Municipal de Meoqui extiende la invitaci\u00f3n a todos los habitantes de la regi\u00f3n y el estado a sumarse a la gran fiesta de los meoquenses por su 316 aniversario de fundaci\u00f3n.<\/p>\n","protected":false},"excerpt":{"rendered":"<p>Ma\u00f1ana gran cierre con Tropicalisimo Apache El dia de hoy 28 de junio la Feria San Pedro y San Pablo 2025 se vestir\u00e1 de gala con la presentaci\u00f3n de Los Capitanes de Ojinaga y el dia 29 la gran fiesta de los meoquenses cerrar\u00e1 con Tropicalisimo Apache, culminando los festejos del 316 aniversario del municipio. Adem\u00e1s, el domingo, a partir de las 6 de la tarde se llevara a cabo un desfile con diversos grupos de autos y motocicletas, iniciando en el Bulevar Eduardo Najere, recoriendo las principales calles del municipio y culminando en los terrenos de la Feria donde adem\u00e1s estar\u00e1 realizando una exhibici\u00f3n de los mismos. Gobierno Municipal de Meoqui extiende la invitaci\u00f3n a todos los habitantes de la regi\u00f3n y el estado a sumarse a la gran fiesta de los meoquenses por su 316 aniversario de fundaci\u00f3n.<\/p>\n","protected":false},"author":2,"featured_media":16008,"comment_status":"open","ping_status":"open","sticky":false,"template":"","format":"standard","meta":{"_monsterinsights_skip_tracking":false,"_monsterinsights_sitenote_active":false,"_monsterinsights_sitenote_note":"","_monsterinsights_sitenote_category":0,"advanced_seo_description":"","jetpack_seo_html_title":"","jetpack_seo_noindex":false,"_jetpack_memberships_contains_paid_content":false,"footnotes":"","jetpack_publicize_message":"","jetpack_publicize_feature_enabled":true,"jetpack_social_post_already_shared":true,"jetpack_social_options":{"image_generator_settings":{"template":"highway","enabled":false},"version":2}},"categories":[135,7,11],"tags":[],"class_list":["post-16007","post","type-post","status-publish","format-standard","has-post-thumbnail","hentry","category-lo-mas-leido","category-local","category-principal"],"jetpack_publicize_connections":[],"jetpack_sharing_enabled":true,"jetpack_featured_media_url":"https:\/\/i0.wp.com\/alcierrenoticias.com\/wp-content\/uploads\/2025\/06\/WhatsApp-Image-2025-06-28-at-4.00.14-PM-e1751158082258.jpeg?fit=500%2C499&ssl=1","amp_enabled":true,"_links":{"self":[{"href":"https:\/\/alcierrenoticias.com\/index.php\/wp-json\/wp\/v2\/posts\/16007","targetHints":{"allow":["GET"]}}],"collection":[{"href":"https:\/\/alcierrenoticias.com\/index.php\/wp-json\/wp\/v2\/posts"}],"about":[{"href":"https:\/\/alcierrenoticias.com\/index.php\/wp-json\/wp\/v2\/types\/post"}],"author":[{"embeddable":true,"href":"https:\/\/alcierrenoticias.com\/index.php\/wp-json\/wp\/v2\/users\/2"}],"replies":[{"embeddable":true,"href":"https:\/\/alcierrenoticias.com\/index.php\/wp-json\/wp\/v2\/comments?post=16007"}],"version-history":[{"count":1,"href":"https:\/\/alcierrenoticias.com\/index.php\/wp-json\/wp\/v2\/posts\/16007\/revisions"}],"predecessor-version":[{"id":16009,"href":"https:\/\/alcierrenoticias.com\/index.php\/wp-json\/wp\/v2\/posts\/16007\/revisions\/16009"}],"wp:featuredmedia":[{"embeddable":true,"href":"https:\/\/alcierrenoticias.com\/index.php\/wp-json\/wp\/v2\/media\/16008"}],"wp:attachment":[{"href":"https:\/\/alcierrenoticias.com\/index.php\/wp-json\/wp\/v2\/media?parent=16007"}],"wp:term":[{"taxonomy":"category","embeddable":true,"href":"https:\/\/alcierrenoticias.com\/index.php\/wp-json\/wp\/v2\/categories?post=16007"},{"taxonomy":"post_tag","embeddable":true,"href":"https:\/\/alcierrenoticias.com\/index.php\/wp-json\/wp\/v2\/tags?post=16007"}],"curies":[{"name":"wp","href":"https:\/\/api.w.org\/{rel}","templated":true}]}}