{"id":16003,"date":"2025-06-28T15:10:53","date_gmt":"2025-06-28T21:10:53","guid":{"rendered":"https:\/\/alcierrenoticias.com\/?p=16003"},"modified":"2025-06-28T18:45:38","modified_gmt":"2025-06-29T00:45:38","slug":"dialoga-valenciano-con-comerciantes-tras-rehabilitacion-vial-en-av-del-parque","status":"publish","type":"post","link":"https:\/\/alcierrenoticias.com\/index.php\/2025\/06\/28\/dialoga-valenciano-con-comerciantes-tras-rehabilitacion-vial-en-av-del-parque\/","title":{"rendered":"Dialoga Valenciano con comerciantes tras rehabilitaci\u00f3n vial en av. del Parque."},"content":{"rendered":"<p>Comerciantes y vecinos de la avenida del Parque reconocieron la rehabilitaci\u00f3n del tramo comprendido entre el bulevar G\u00f3mez Mor\u00edn y la avenida Agricultura, obra que, seg\u00fan expresaron, representa una mejora significativa para la movilidad y la actividad comercial de la zona.<\/p>\n<p>Durante un recorrido por la vialidad, el presidente municipal Jes\u00fas Valenciano Garc\u00eda visit\u00f3 distintos negocios y dialog\u00f3 con los locatarios, quienes le agradecieron la intervenci\u00f3n y plantearon algunas inquietudes sobre necesidades adicionales en el sector. Se\u00f1alaron que por a\u00f1os hab\u00edan solicitado atenci\u00f3n a esta calle, debido a su avanzado deterioro.<\/p>\n<p>La obra consisti\u00f3 en la rehabilitaci\u00f3n de m\u00e1s de 3,400 metros cuadrados, con una inversi\u00f3n superior a 1.3 millones de pesos, como parte del programa municipal de mejoramiento de infraestructura urbana. El objetivo, de acuerdo con las autoridades, es atender vialidades estrat\u00e9gicas para garantizar mayor seguridad y funcionalidad en la ciudad.<\/p>\n<p>El alcalde Valenciano Garc\u00eda destac\u00f3 que estas acciones no solo buscan mejorar el entorno urbano, sino tambi\u00e9n fortalecer al comercio local. Subray\u00f3 que obras como esta tienen un impacto directo en la calidad de vida de las familias y en el desarrollo econ\u00f3mico de las colonias.<\/p>\n<p>La administraci\u00f3n municipal inform\u00f3 que los trabajos de rehabilitaci\u00f3n contin\u00faan en distintos puntos del municipio, con el fin de consolidar una red vial m\u00e1s eficiente y segura tanto para automovilistas como para peatones.<\/p>\n","protected":false},"excerpt":{"rendered":"<p>Comerciantes y vecinos de la avenida del Parque reconocieron la rehabilitaci\u00f3n del tramo comprendido entre el bulevar G\u00f3mez Mor\u00edn y la avenida Agricultura, obra que, seg\u00fan expresaron, representa una mejora significativa para la movilidad y la actividad comercial de la zona. Durante un recorrido por la vialidad, el presidente municipal Jes\u00fas Valenciano Garc\u00eda visit\u00f3 distintos negocios y dialog\u00f3 con los locatarios, quienes le agradecieron la intervenci\u00f3n y plantearon algunas inquietudes sobre necesidades adicionales en el sector. Se\u00f1alaron que por a\u00f1os hab\u00edan solicitado atenci\u00f3n a esta calle, debido a su avanzado deterioro. La obra consisti\u00f3 en la rehabilitaci\u00f3n de m\u00e1s de 3,400 metros cuadrados, con una inversi\u00f3n superior a 1.3 millones de pesos, como parte del programa municipal de mejoramiento de infraestructura urbana. El objetivo, de acuerdo con las autoridades, es atender vialidades estrat\u00e9gicas para garantizar mayor seguridad y funcionalidad en la ciudad. El alcalde Valenciano Garc\u00eda destac\u00f3 que estas acciones no solo buscan mejorar el entorno urbano, sino tambi\u00e9n fortalecer al comercio local. Subray\u00f3 que obras como esta tienen un impacto directo en la calidad de vida de las familias y en el desarrollo econ\u00f3mico de las colonias. La administraci\u00f3n municipal inform\u00f3 que los trabajos de rehabilitaci\u00f3n contin\u00faan en distintos puntos del municipio, con el fin de consolidar una red vial m\u00e1s eficiente y segura tanto para automovilistas como para peatones.<\/p>\n","protected":false},"author":2,"featured_media":16004,"comment_status":"open","ping_status":"open","sticky":false,"template":"","format":"standard","meta":{"_monsterinsights_skip_tracking":false,"_monsterinsights_sitenote_active":false,"_monsterinsights_sitenote_note":"","_monsterinsights_sitenote_category":0,"advanced_seo_description":"","jetpack_seo_html_title":"","jetpack_seo_noindex":false,"_jetpack_memberships_contains_paid_content":false,"footnotes":"","jetpack_publicize_message":"","jetpack_publicize_feature_enabled":true,"jetpack_social_post_already_shared":true,"jetpack_social_options":{"image_generator_settings":{"template":"highway","enabled":false},"version":2}},"categories":[135,7,11],"tags":[],"class_list":["post-16003","post","type-post","status-publish","format-standard","has-post-thumbnail","hentry","category-lo-mas-leido","category-local","category-principal"],"jetpack_publicize_connections":[],"jetpack_sharing_enabled":true,"jetpack_featured_media_url":"https:\/\/i0.wp.com\/alcierrenoticias.com\/wp-content\/uploads\/2025\/06\/WhatsApp-Image-2025-06-28-at-2.57.01-PM.jpeg?fit=2313%2C1542&ssl=1","amp_enabled":true,"_links":{"self":[{"href":"https:\/\/alcierrenoticias.com\/index.php\/wp-json\/wp\/v2\/posts\/16003","targetHints":{"allow":["GET"]}}],"collection":[{"href":"https:\/\/alcierrenoticias.com\/index.php\/wp-json\/wp\/v2\/posts"}],"about":[{"href":"https:\/\/alcierrenoticias.com\/index.php\/wp-json\/wp\/v2\/types\/post"}],"author":[{"embeddable":true,"href":"https:\/\/alcierrenoticias.com\/index.php\/wp-json\/wp\/v2\/users\/2"}],"replies":[{"embeddable":true,"href":"https:\/\/alcierrenoticias.com\/index.php\/wp-json\/wp\/v2\/comments?post=16003"}],"version-history":[{"count":2,"href":"https:\/\/alcierrenoticias.com\/index.php\/wp-json\/wp\/v2\/posts\/16003\/revisions"}],"predecessor-version":[{"id":16006,"href":"https:\/\/alcierrenoticias.com\/index.php\/wp-json\/wp\/v2\/posts\/16003\/revisions\/16006"}],"wp:featuredmedia":[{"embeddable":true,"href":"https:\/\/alcierrenoticias.com\/index.php\/wp-json\/wp\/v2\/media\/16004"}],"wp:attachment":[{"href":"https:\/\/alcierrenoticias.com\/index.php\/wp-json\/wp\/v2\/media?parent=16003"}],"wp:term":[{"taxonomy":"category","embeddable":true,"href":"https:\/\/alcierrenoticias.com\/index.php\/wp-json\/wp\/v2\/categories?post=16003"},{"taxonomy":"post_tag","embeddable":true,"href":"https:\/\/alcierrenoticias.com\/index.php\/wp-json\/wp\/v2\/tags?post=16003"}],"curies":[{"name":"wp","href":"https:\/\/api.w.org\/{rel}","templated":true}]}}