{"id":15999,"date":"2025-06-28T12:42:38","date_gmt":"2025-06-28T18:42:38","guid":{"rendered":"https:\/\/alcierrenoticias.com\/?p=15999"},"modified":"2025-06-28T18:43:42","modified_gmt":"2025-06-29T00:43:42","slug":"trabajan-cuadrillas-de-servicios-municipales-de-camargo-en-acciones-de-mejora-en-los-camellones-de-luis-h-alvarez-y-gonzalez-ortega","status":"publish","type":"post","link":"https:\/\/alcierrenoticias.com\/index.php\/2025\/06\/28\/trabajan-cuadrillas-de-servicios-municipales-de-camargo-en-acciones-de-mejora-en-los-camellones-de-luis-h-alvarez-y-gonzalez-ortega\/","title":{"rendered":"Trabajan cuadrillas de servicios municipales de Camargo en acciones de mejora en los camellones de Luis H. \u00c1lvarez y Gonz\u00e1lez Ortega."},"content":{"rendered":"<p>Como parte de las acciones de mantenimiento y embellecimiento urbano, las cuadrillas de la Direcci\u00f3n de Servicios Municipales y Ecolog\u00eda estuvieron trabajando este viernes en dos importantes frentes dentro de la ciudad.<\/p>\n<p>Por un lado, se realizaron labores de limpieza, mantenimiento y rehabilitaci\u00f3n en el camell\u00f3n central de la avenida Luis H. \u00c1lvarez, una de las principales vialidades de acceso a la zona centro.<\/p>\n<p>Adem\u00e1s, se llev\u00f3 a cabo una jornada de reforestaci\u00f3n en el camell\u00f3n de la calle Gonz\u00e1lez Ortega, donde se plantaron especies nativas adaptadas al clima de la regi\u00f3n, con el objetivo de fortalecer las \u00e1reas verdes y contribuir al cuidado del medio ambiente.<\/p>\n<p>El presidente municipal Jorge Aldana resalt\u00f3 la importancia de estas acciones para la imagen de Camargo y el bienestar de sus habitantes:<\/p>\n<p>\u201cSeguimos trabajando para tener una ciudad m\u00e1s ordenada, verde y bonita. Estos camellones no solo embellecen nuestras calles, tambi\u00e9n representan el compromiso que tenemos con un Camargo m\u00e1s limpio y con mejor calidad de vida para todos.\u201d<br \/>\nEstas acciones forman parte del compromiso de la administraci\u00f3n municipal por construir un entorno m\u00e1s limpio, funcional y agradable para las familias camarguenses.<\/p>\n","protected":false},"excerpt":{"rendered":"<p>Como parte de las acciones de mantenimiento y embellecimiento urbano, las cuadrillas de la Direcci\u00f3n de Servicios Municipales y Ecolog\u00eda estuvieron trabajando este viernes en dos importantes frentes dentro de la ciudad. Por un lado, se realizaron labores de limpieza, mantenimiento y rehabilitaci\u00f3n en el camell\u00f3n central de la avenida Luis H. \u00c1lvarez, una de las principales vialidades de acceso a la zona centro. Adem\u00e1s, se llev\u00f3 a cabo una jornada de reforestaci\u00f3n en el camell\u00f3n de la calle Gonz\u00e1lez Ortega, donde se plantaron especies nativas adaptadas al clima de la regi\u00f3n, con el objetivo de fortalecer las \u00e1reas verdes y contribuir al cuidado del medio ambiente. El presidente municipal Jorge Aldana resalt\u00f3 la importancia de estas acciones para la imagen de Camargo y el bienestar de sus habitantes: \u201cSeguimos trabajando para tener una ciudad m\u00e1s ordenada, verde y bonita. Estos camellones no solo embellecen nuestras calles, tambi\u00e9n representan el compromiso que tenemos con un Camargo m\u00e1s limpio y con mejor calidad de vida para todos.\u201d Estas acciones forman parte del compromiso de la administraci\u00f3n municipal por construir un entorno m\u00e1s limpio, funcional y agradable para las familias camarguenses.<\/p>\n","protected":false},"author":2,"featured_media":16000,"comment_status":"open","ping_status":"open","sticky":false,"template":"","format":"standard","meta":{"_monsterinsights_skip_tracking":false,"_monsterinsights_sitenote_active":false,"_monsterinsights_sitenote_note":"","_monsterinsights_sitenote_category":0,"advanced_seo_description":"","jetpack_seo_html_title":"","jetpack_seo_noindex":false,"_jetpack_memberships_contains_paid_content":false,"footnotes":"","jetpack_publicize_message":"","jetpack_publicize_feature_enabled":true,"jetpack_social_post_already_shared":true,"jetpack_social_options":{"image_generator_settings":{"template":"highway","enabled":false},"version":2}},"categories":[8,135,11],"tags":[],"class_list":["post-15999","post","type-post","status-publish","format-standard","has-post-thumbnail","hentry","category-estado","category-lo-mas-leido","category-principal"],"jetpack_publicize_connections":[],"jetpack_sharing_enabled":true,"jetpack_featured_media_url":"https:\/\/i0.wp.com\/alcierrenoticias.com\/wp-content\/uploads\/2025\/06\/WhatsApp-Image-2025-06-28-at-12.28.07-PM.jpeg?fit=1600%2C1066&ssl=1","amp_enabled":true,"_links":{"self":[{"href":"https:\/\/alcierrenoticias.com\/index.php\/wp-json\/wp\/v2\/posts\/15999","targetHints":{"allow":["GET"]}}],"collection":[{"href":"https:\/\/alcierrenoticias.com\/index.php\/wp-json\/wp\/v2\/posts"}],"about":[{"href":"https:\/\/alcierrenoticias.com\/index.php\/wp-json\/wp\/v2\/types\/post"}],"author":[{"embeddable":true,"href":"https:\/\/alcierrenoticias.com\/index.php\/wp-json\/wp\/v2\/users\/2"}],"replies":[{"embeddable":true,"href":"https:\/\/alcierrenoticias.com\/index.php\/wp-json\/wp\/v2\/comments?post=15999"}],"version-history":[{"count":2,"href":"https:\/\/alcierrenoticias.com\/index.php\/wp-json\/wp\/v2\/posts\/15999\/revisions"}],"predecessor-version":[{"id":16002,"href":"https:\/\/alcierrenoticias.com\/index.php\/wp-json\/wp\/v2\/posts\/15999\/revisions\/16002"}],"wp:featuredmedia":[{"embeddable":true,"href":"https:\/\/alcierrenoticias.com\/index.php\/wp-json\/wp\/v2\/media\/16000"}],"wp:attachment":[{"href":"https:\/\/alcierrenoticias.com\/index.php\/wp-json\/wp\/v2\/media?parent=15999"}],"wp:term":[{"taxonomy":"category","embeddable":true,"href":"https:\/\/alcierrenoticias.com\/index.php\/wp-json\/wp\/v2\/categories?post=15999"},{"taxonomy":"post_tag","embeddable":true,"href":"https:\/\/alcierrenoticias.com\/index.php\/wp-json\/wp\/v2\/tags?post=15999"}],"curies":[{"name":"wp","href":"https:\/\/api.w.org\/{rel}","templated":true}]}}