{"id":15986,"date":"2025-06-27T12:10:23","date_gmt":"2025-06-27T18:10:23","guid":{"rendered":"https:\/\/alcierrenoticias.com\/?p=15986"},"modified":"2025-06-28T18:25:29","modified_gmt":"2025-06-29T00:25:29","slug":"jorge-aldana-encabeza-jornada-de-reforestacion-en-las-pilas-por-un-camargo-mas-verde","status":"publish","type":"post","link":"https:\/\/alcierrenoticias.com\/index.php\/2025\/06\/27\/jorge-aldana-encabeza-jornada-de-reforestacion-en-las-pilas-por-un-camargo-mas-verde\/","title":{"rendered":"Jorge Aldana encabeza jornada de reforestaci\u00f3n en Las Pilas: Por un Camargo m\u00e1s verde."},"content":{"rendered":"<p>En un esfuerzo por fortalecer el medio ambiente y fomentar la participaci\u00f3n ciudadana, el presidente municipal Jorge Aldana encabez\u00f3 una jornada de reforestaci\u00f3n en la comunidad de Las Pilas, espec\u00edficamente en el \u00e1rea que rodea el campo de b\u00e9isbol. Esta actividad cont\u00f3 con el valioso respaldo de la Fundaci\u00f3n Grupo M\u00e9xico y la Brigada de Educaci\u00f3n para el Desarrollo Rural, quienes se sumaron a esta iniciativa ecol\u00f3gica.<\/p>\n<p>Durante la jornada, participaron funcionarias y funcionarios p\u00fablicos, regidoras, regidores, as\u00ed como vecinas y vecinos de la comunidad, quienes plantaron su propio \u00e1rbol como s\u00edmbolo de compromiso con el entorno y el futuro de Camargo.<\/p>\n<p>Adem\u00e1s de fortalecer nuestras \u00e1reas verdes, esta acci\u00f3n ayudar\u00e1 a que se infiltre m\u00e1s agua al subsuelo, lo que resulta clave para enfrentar la grave sequ\u00eda que estamos viviendo. Con fe y trabajo colectivo, confiamos en que nuestro municipio pueda ser bendecido con lluvias en esta temporada tan dif\u00edcil.<\/p>\n<p>Con acciones como esta, el Gobierno Municipal que encabeza Jorge Aldana reafirma su compromiso con el medio ambiente y con un Camargo m\u00e1s verde, m\u00e1s fuerte y m\u00e1s unido.<\/p>\n","protected":false},"excerpt":{"rendered":"<p>En un esfuerzo por fortalecer el medio ambiente y fomentar la participaci\u00f3n ciudadana, el presidente municipal Jorge Aldana encabez\u00f3 una jornada de reforestaci\u00f3n en la comunidad de Las Pilas, espec\u00edficamente en el \u00e1rea que rodea el campo de b\u00e9isbol. Esta actividad cont\u00f3 con el valioso respaldo de la Fundaci\u00f3n Grupo M\u00e9xico y la Brigada de Educaci\u00f3n para el Desarrollo Rural, quienes se sumaron a esta iniciativa ecol\u00f3gica. Durante la jornada, participaron funcionarias y funcionarios p\u00fablicos, regidoras, regidores, as\u00ed como vecinas y vecinos de la comunidad, quienes plantaron su propio \u00e1rbol como s\u00edmbolo de compromiso con el entorno y el futuro de Camargo. Adem\u00e1s de fortalecer nuestras \u00e1reas verdes, esta acci\u00f3n ayudar\u00e1 a que se infiltre m\u00e1s agua al subsuelo, lo que resulta clave para enfrentar la grave sequ\u00eda que estamos viviendo. Con fe y trabajo colectivo, confiamos en que nuestro municipio pueda ser bendecido con lluvias en esta temporada tan dif\u00edcil. Con acciones como esta, el Gobierno Municipal que encabeza Jorge Aldana reafirma su compromiso con el medio ambiente y con un Camargo m\u00e1s verde, m\u00e1s fuerte y m\u00e1s unido.<\/p>\n","protected":false},"author":2,"featured_media":15987,"comment_status":"open","ping_status":"open","sticky":false,"template":"","format":"standard","meta":{"_monsterinsights_skip_tracking":false,"_monsterinsights_sitenote_active":false,"_monsterinsights_sitenote_note":"","_monsterinsights_sitenote_category":0,"advanced_seo_description":"","jetpack_seo_html_title":"","jetpack_seo_noindex":false,"_jetpack_memberships_contains_paid_content":false,"footnotes":"","jetpack_publicize_message":"","jetpack_publicize_feature_enabled":true,"jetpack_social_post_already_shared":true,"jetpack_social_options":{"image_generator_settings":{"template":"highway","enabled":false},"version":2}},"categories":[8,135,11],"tags":[],"class_list":["post-15986","post","type-post","status-publish","format-standard","has-post-thumbnail","hentry","category-estado","category-lo-mas-leido","category-principal"],"jetpack_publicize_connections":[],"jetpack_sharing_enabled":true,"jetpack_featured_media_url":"https:\/\/i0.wp.com\/alcierrenoticias.com\/wp-content\/uploads\/2025\/06\/WhatsApp-Image-2025-06-27-at-12.04.35-PM.jpeg?fit=1600%2C1066&ssl=1","amp_enabled":true,"_links":{"self":[{"href":"https:\/\/alcierrenoticias.com\/index.php\/wp-json\/wp\/v2\/posts\/15986","targetHints":{"allow":["GET"]}}],"collection":[{"href":"https:\/\/alcierrenoticias.com\/index.php\/wp-json\/wp\/v2\/posts"}],"about":[{"href":"https:\/\/alcierrenoticias.com\/index.php\/wp-json\/wp\/v2\/types\/post"}],"author":[{"embeddable":true,"href":"https:\/\/alcierrenoticias.com\/index.php\/wp-json\/wp\/v2\/users\/2"}],"replies":[{"embeddable":true,"href":"https:\/\/alcierrenoticias.com\/index.php\/wp-json\/wp\/v2\/comments?post=15986"}],"version-history":[{"count":2,"href":"https:\/\/alcierrenoticias.com\/index.php\/wp-json\/wp\/v2\/posts\/15986\/revisions"}],"predecessor-version":[{"id":15989,"href":"https:\/\/alcierrenoticias.com\/index.php\/wp-json\/wp\/v2\/posts\/15986\/revisions\/15989"}],"wp:featuredmedia":[{"embeddable":true,"href":"https:\/\/alcierrenoticias.com\/index.php\/wp-json\/wp\/v2\/media\/15987"}],"wp:attachment":[{"href":"https:\/\/alcierrenoticias.com\/index.php\/wp-json\/wp\/v2\/media?parent=15986"}],"wp:term":[{"taxonomy":"category","embeddable":true,"href":"https:\/\/alcierrenoticias.com\/index.php\/wp-json\/wp\/v2\/categories?post=15986"},{"taxonomy":"post_tag","embeddable":true,"href":"https:\/\/alcierrenoticias.com\/index.php\/wp-json\/wp\/v2\/tags?post=15986"}],"curies":[{"name":"wp","href":"https:\/\/api.w.org\/{rel}","templated":true}]}}