{"id":15978,"date":"2025-06-27T10:18:23","date_gmt":"2025-06-27T16:18:23","guid":{"rendered":"https:\/\/alcierrenoticias.com\/?p=15978"},"modified":"2025-06-28T18:20:40","modified_gmt":"2025-06-29T00:20:40","slug":"anuncia-valenciano-cobertura-total-de-utiles-escolares-en-delicias-gracias-a-la-seyd","status":"publish","type":"post","link":"https:\/\/alcierrenoticias.com\/index.php\/2025\/06\/27\/anuncia-valenciano-cobertura-total-de-utiles-escolares-en-delicias-gracias-a-la-seyd\/","title":{"rendered":"Anuncia Valenciano cobertura total de \u00fatiles escolares en Delicias gracias a la SEyD."},"content":{"rendered":"<p>Durante la entrega de mobiliario y paquetes escolares a diversas instituciones educativas, el presidente municipal Jes\u00fas Valenciano Garc\u00eda inform\u00f3 que, por primera vez, Delicias tendr\u00e1 cobertura total en \u00fatiles escolares gratuitos para todos los ni\u00f1os de preescolar, primaria y secundaria gracias a la secretar\u00eda de Educaci\u00f3n y Deporte.<\/p>\n<p>El alcalde destac\u00f3 que esta iniciativa es posible gracias al respaldo del Gobierno del Estado, encabezado por la gobernadora Maru Campos. Se\u00f1al\u00f3 que el objetivo es que todos los estudiantes reciban sus \u00fatiles escolares a m\u00e1s tardar con la entrega de boletas, evitando as\u00ed que las familias tengan que preocuparse por ese gasto durante las vacaciones.<\/p>\n<p>Valenciano explic\u00f3 que esta estrategia busca apoyar la econom\u00eda familiar, especialmente en aquellos hogares con m\u00e1s de un hijo, donde el gasto en \u00fatiles escolares representa un fuerte desembolso. \u201cQueremos que ese dinerito lo puedan usar para otras necesidades del hogar\u201d, expres\u00f3.<\/p>\n<p>El presidente municipal reafirm\u00f3 su compromiso con los padres de familia, con los alumnos \u2014a quienes llam\u00f3 lo m\u00e1s valioso de la ciudad\u2014 y con el magisterio, reconociendo a maestras y maestros como aliados fundamentales en el desarrollo de Delicias.<\/p>\n<p>Finalmente, record\u00f3 que el DIF Municipal, presidido por la maestra Alma Limas de Valenciano, mantiene activo el programa \u201c\u00datiles que son \u00datiles\u201d, con el cual se busca reunir 5 mil paquetes adicionales para apoyar a ni\u00f1as y ni\u00f1os que m\u00e1s lo necesitan.<\/p>\n","protected":false},"excerpt":{"rendered":"<p>Durante la entrega de mobiliario y paquetes escolares a diversas instituciones educativas, el presidente municipal Jes\u00fas Valenciano Garc\u00eda inform\u00f3 que, por primera vez, Delicias tendr\u00e1 cobertura total en \u00fatiles escolares gratuitos para todos los ni\u00f1os de preescolar, primaria y secundaria gracias a la secretar\u00eda de Educaci\u00f3n y Deporte. El alcalde destac\u00f3 que esta iniciativa es posible gracias al respaldo del Gobierno del Estado, encabezado por la gobernadora Maru Campos. Se\u00f1al\u00f3 que el objetivo es que todos los estudiantes reciban sus \u00fatiles escolares a m\u00e1s tardar con la entrega de boletas, evitando as\u00ed que las familias tengan que preocuparse por ese gasto durante las vacaciones. Valenciano explic\u00f3 que esta estrategia busca apoyar la econom\u00eda familiar, especialmente en aquellos hogares con m\u00e1s de un hijo, donde el gasto en \u00fatiles escolares representa un fuerte desembolso. \u201cQueremos que ese dinerito lo puedan usar para otras necesidades del hogar\u201d, expres\u00f3. El presidente municipal reafirm\u00f3 su compromiso con los padres de familia, con los alumnos \u2014a quienes llam\u00f3 lo m\u00e1s valioso de la ciudad\u2014 y con el magisterio, reconociendo a maestras y maestros como aliados fundamentales en el desarrollo de Delicias. Finalmente, record\u00f3 que el DIF Municipal, presidido por la maestra Alma Limas de Valenciano, mantiene activo el programa \u201c\u00datiles que son \u00datiles\u201d, con el cual se busca reunir 5 mil paquetes adicionales para apoyar a ni\u00f1as y ni\u00f1os que m\u00e1s lo necesitan.<\/p>\n","protected":false},"author":2,"featured_media":15979,"comment_status":"open","ping_status":"open","sticky":false,"template":"","format":"standard","meta":{"_monsterinsights_skip_tracking":false,"_monsterinsights_sitenote_active":false,"_monsterinsights_sitenote_note":"","_monsterinsights_sitenote_category":0,"advanced_seo_description":"","jetpack_seo_html_title":"","jetpack_seo_noindex":false,"_jetpack_memberships_contains_paid_content":false,"footnotes":"","jetpack_publicize_message":"","jetpack_publicize_feature_enabled":true,"jetpack_social_post_already_shared":true,"jetpack_social_options":{"image_generator_settings":{"template":"highway","enabled":false},"version":2}},"categories":[135,7,11],"tags":[],"class_list":["post-15978","post","type-post","status-publish","format-standard","has-post-thumbnail","hentry","category-lo-mas-leido","category-local","category-principal"],"jetpack_publicize_connections":[],"jetpack_sharing_enabled":true,"jetpack_featured_media_url":"https:\/\/i0.wp.com\/alcierrenoticias.com\/wp-content\/uploads\/2025\/06\/WhatsApp-Image-2025-06-27-at-10.10.32-AM.jpeg?fit=2560%2C1920&ssl=1","amp_enabled":true,"_links":{"self":[{"href":"https:\/\/alcierrenoticias.com\/index.php\/wp-json\/wp\/v2\/posts\/15978","targetHints":{"allow":["GET"]}}],"collection":[{"href":"https:\/\/alcierrenoticias.com\/index.php\/wp-json\/wp\/v2\/posts"}],"about":[{"href":"https:\/\/alcierrenoticias.com\/index.php\/wp-json\/wp\/v2\/types\/post"}],"author":[{"embeddable":true,"href":"https:\/\/alcierrenoticias.com\/index.php\/wp-json\/wp\/v2\/users\/2"}],"replies":[{"embeddable":true,"href":"https:\/\/alcierrenoticias.com\/index.php\/wp-json\/wp\/v2\/comments?post=15978"}],"version-history":[{"count":2,"href":"https:\/\/alcierrenoticias.com\/index.php\/wp-json\/wp\/v2\/posts\/15978\/revisions"}],"predecessor-version":[{"id":15981,"href":"https:\/\/alcierrenoticias.com\/index.php\/wp-json\/wp\/v2\/posts\/15978\/revisions\/15981"}],"wp:featuredmedia":[{"embeddable":true,"href":"https:\/\/alcierrenoticias.com\/index.php\/wp-json\/wp\/v2\/media\/15979"}],"wp:attachment":[{"href":"https:\/\/alcierrenoticias.com\/index.php\/wp-json\/wp\/v2\/media?parent=15978"}],"wp:term":[{"taxonomy":"category","embeddable":true,"href":"https:\/\/alcierrenoticias.com\/index.php\/wp-json\/wp\/v2\/categories?post=15978"},{"taxonomy":"post_tag","embeddable":true,"href":"https:\/\/alcierrenoticias.com\/index.php\/wp-json\/wp\/v2\/tags?post=15978"}],"curies":[{"name":"wp","href":"https:\/\/api.w.org\/{rel}","templated":true}]}}