{"id":15966,"date":"2025-06-26T15:59:01","date_gmt":"2025-06-26T21:59:01","guid":{"rendered":"https:\/\/alcierrenoticias.com\/?p=15966"},"modified":"2025-06-28T18:10:11","modified_gmt":"2025-06-29T00:10:11","slug":"celebran-graduacion-de-9-alumnos-preescolar-y-primaria-indigena-en-meoqui","status":"publish","type":"post","link":"https:\/\/alcierrenoticias.com\/index.php\/2025\/06\/26\/celebran-graduacion-de-9-alumnos-preescolar-y-primaria-indigena-en-meoqui\/","title":{"rendered":"Celebran graduaci\u00f3n de 9 alumnos preescolar y primaria ind\u00edgena en Meoqui."},"content":{"rendered":"<p>Impulsa Administraci\u00f3n de la alcaldesa Miriam Soto el apoyo a la educaci\u00f3n de las comunidades ind\u00edgenas con becas<\/p>\n<p>Este jueves se llev\u00f3 a cabo la emotiva ceremonia de graduaci\u00f3n de alumnos del preescolar Pedro Meoqui y la primaria ind\u00edgena Ni\u00f1os H\u00e9roes del municipio de Meoqui, donde nueve ni\u00f1as y ni\u00f1os culminaron con \u00e9xito una etapa m\u00e1s en su formaci\u00f3n acad\u00e9mica<\/p>\n<p>\u201cEstamos muy orgullosos de este paso que acaban de dar. Agradecemos profundamente a los padres de familia por apoyar a sus hijos y los invitamos a que no se detengan, que sigan adelante en sus estudios\u201d, expres\u00f3 Zenyith P\u00e9rez, directora de Desarrollo Social, quien tambi\u00e9n reiter\u00f3 el respaldo permanente de la alcaldesa, la arquitecta Miriam Soto, para fortalecer la educaci\u00f3n ind\u00edgena en el municipio.<\/p>\n<p>Asimismo, reconoci\u00f3 el apoyo de maestras y de diversos aliados, tanto institucionales como ciudadanos, quienes han contribuido con donaciones econ\u00f3micas y apoyo alimentario. \u201cMuchos padrinos se han sumado a esta causa, lo cual nos facilita el trabajo y multiplica las oportunidades para estos ni\u00f1os y ni\u00f1as\u201d, apunt\u00f3.<\/p>\n<p>Adem\u00e1s, dio a conocer que la administraci\u00f3n de la alcaldesa Miriam Soto implement\u00f3 el programa de becas \u201cNapawika Benevo\u201d, con el cual se benefician mensualmente 10 estudiantes con un apoyo de mil pesos, con el objetivo de motivarlos a seguir asistiendo a la escuela y mantener el compromiso con su educaci\u00f3n.<\/p>\n<p>\u201cBuscamos no solo que sigan estudiando, sino que se integren m\u00e1s a la sociedad. Sabemos que es un reto, porque hay barreras como la discriminaci\u00f3n, pero estamos convencidos de que este es un trabajo de toda la comunidad, no solo del gobierno y de las familias\u201d, concluy\u00f3 la directora.<\/p>\n","protected":false},"excerpt":{"rendered":"<p>Impulsa Administraci\u00f3n de la alcaldesa Miriam Soto el apoyo a la educaci\u00f3n de las comunidades ind\u00edgenas con becas Este jueves se llev\u00f3 a cabo la emotiva ceremonia de graduaci\u00f3n de alumnos del preescolar Pedro Meoqui y la primaria ind\u00edgena Ni\u00f1os H\u00e9roes del municipio de Meoqui, donde nueve ni\u00f1as y ni\u00f1os culminaron con \u00e9xito una etapa m\u00e1s en su formaci\u00f3n acad\u00e9mica \u201cEstamos muy orgullosos de este paso que acaban de dar. Agradecemos profundamente a los padres de familia por apoyar a sus hijos y los invitamos a que no se detengan, que sigan adelante en sus estudios\u201d, expres\u00f3 Zenyith P\u00e9rez, directora de Desarrollo Social, quien tambi\u00e9n reiter\u00f3 el respaldo permanente de la alcaldesa, la arquitecta Miriam Soto, para fortalecer la educaci\u00f3n ind\u00edgena en el municipio. Asimismo, reconoci\u00f3 el apoyo de maestras y de diversos aliados, tanto institucionales como ciudadanos, quienes han contribuido con donaciones econ\u00f3micas y apoyo alimentario. \u201cMuchos padrinos se han sumado a esta causa, lo cual nos facilita el trabajo y multiplica las oportunidades para estos ni\u00f1os y ni\u00f1as\u201d, apunt\u00f3. Adem\u00e1s, dio a conocer que la administraci\u00f3n de la alcaldesa Miriam Soto implement\u00f3 el programa de becas \u201cNapawika Benevo\u201d, con el cual se benefician mensualmente 10 estudiantes con un apoyo de mil pesos, con el objetivo de motivarlos a seguir asistiendo a la escuela y mantener el compromiso con su educaci\u00f3n. \u201cBuscamos no solo que sigan estudiando, sino que se integren m\u00e1s a la sociedad. Sabemos que es un reto, porque hay barreras como la discriminaci\u00f3n, pero estamos convencidos de que este es un trabajo de toda la comunidad, no solo del gobierno y de las familias\u201d, concluy\u00f3 la directora.<\/p>\n","protected":false},"author":2,"featured_media":15967,"comment_status":"open","ping_status":"open","sticky":false,"template":"","format":"standard","meta":{"_monsterinsights_skip_tracking":false,"_monsterinsights_sitenote_active":false,"_monsterinsights_sitenote_note":"","_monsterinsights_sitenote_category":0,"advanced_seo_description":"","jetpack_seo_html_title":"","jetpack_seo_noindex":false,"_jetpack_memberships_contains_paid_content":false,"footnotes":"","jetpack_publicize_message":"","jetpack_publicize_feature_enabled":true,"jetpack_social_post_already_shared":true,"jetpack_social_options":{"image_generator_settings":{"template":"highway","enabled":false},"version":2}},"categories":[135,7,11],"tags":[],"class_list":["post-15966","post","type-post","status-publish","format-standard","has-post-thumbnail","hentry","category-lo-mas-leido","category-local","category-principal"],"jetpack_publicize_connections":[],"jetpack_sharing_enabled":true,"jetpack_featured_media_url":"https:\/\/i0.wp.com\/alcierrenoticias.com\/wp-content\/uploads\/2025\/06\/WhatsApp-Image-2025-06-26-at-3.43.22-PM.jpeg?fit=1280%2C853&ssl=1","amp_enabled":true,"_links":{"self":[{"href":"https:\/\/alcierrenoticias.com\/index.php\/wp-json\/wp\/v2\/posts\/15966","targetHints":{"allow":["GET"]}}],"collection":[{"href":"https:\/\/alcierrenoticias.com\/index.php\/wp-json\/wp\/v2\/posts"}],"about":[{"href":"https:\/\/alcierrenoticias.com\/index.php\/wp-json\/wp\/v2\/types\/post"}],"author":[{"embeddable":true,"href":"https:\/\/alcierrenoticias.com\/index.php\/wp-json\/wp\/v2\/users\/2"}],"replies":[{"embeddable":true,"href":"https:\/\/alcierrenoticias.com\/index.php\/wp-json\/wp\/v2\/comments?post=15966"}],"version-history":[{"count":2,"href":"https:\/\/alcierrenoticias.com\/index.php\/wp-json\/wp\/v2\/posts\/15966\/revisions"}],"predecessor-version":[{"id":15969,"href":"https:\/\/alcierrenoticias.com\/index.php\/wp-json\/wp\/v2\/posts\/15966\/revisions\/15969"}],"wp:featuredmedia":[{"embeddable":true,"href":"https:\/\/alcierrenoticias.com\/index.php\/wp-json\/wp\/v2\/media\/15967"}],"wp:attachment":[{"href":"https:\/\/alcierrenoticias.com\/index.php\/wp-json\/wp\/v2\/media?parent=15966"}],"wp:term":[{"taxonomy":"category","embeddable":true,"href":"https:\/\/alcierrenoticias.com\/index.php\/wp-json\/wp\/v2\/categories?post=15966"},{"taxonomy":"post_tag","embeddable":true,"href":"https:\/\/alcierrenoticias.com\/index.php\/wp-json\/wp\/v2\/tags?post=15966"}],"curies":[{"name":"wp","href":"https:\/\/api.w.org\/{rel}","templated":true}]}}