{"id":15962,"date":"2025-06-26T15:57:28","date_gmt":"2025-06-26T21:57:28","guid":{"rendered":"https:\/\/alcierrenoticias.com\/?p=15962"},"modified":"2025-06-28T18:07:51","modified_gmt":"2025-06-29T00:07:51","slug":"en-el-nuevo-cri-de-meoqui-podremos-ofrecer-mas-y-mejores-servicios-a-la-ciudadania-miriam-soto","status":"publish","type":"post","link":"https:\/\/alcierrenoticias.com\/index.php\/2025\/06\/26\/en-el-nuevo-cri-de-meoqui-podremos-ofrecer-mas-y-mejores-servicios-a-la-ciudadania-miriam-soto\/","title":{"rendered":"En el nuevo CRI de Meoqui, podremos ofrecer m\u00e1s y mejores servicios a la ciudadan\u00eda: Miriam Soto."},"content":{"rendered":"<p>La alcaldesa municipal realiz\u00f3 un recorrido por las nuevas instalaciones de la anterior Unidad B\u00e1sica de Rehabilitaci\u00f3n<\/p>\n<p>En recorrido por las nuevas instalaciones de lo que antes era la Unidad B\u00e1sica de Rehabilitaci\u00f3n (UBR), Miriam Soto, alcaldesa de Meoqui, dio a conocer que est\u00e1n por concluir los trabajos, resaltando que este ahora ser\u00e1 un Centro de Rehabilitaci\u00f3n Integral (CRI), gracias a la ampliaci\u00f3n de servicios y la mejora sustancial en la infraestructura.<\/p>\n<p>\u201cYa estamos utilizando algunos espacios de lo que ser\u00e1 el nuevo CRI. Estoy muy contenta por este paso que dimos, porque nos permite ofrecer m\u00e1s y mejores servicios a la ciudadan\u00eda\u201d, expres\u00f3 la presidenta municipal, quien destac\u00f3 la renovaci\u00f3n total del lugar y su accesibilidad para todos.<\/p>\n<p>Por su parte, Norelia Hern\u00e1ndez, presidenta del DIF Municipal, explic\u00f3 que este es un proyecto desarrollado en tres etapas, y que actualmente se est\u00e1 concluyendo la primera. \u201cEl d\u00eda 8 estar\u00e1 por aqu\u00ed la gobernadora Maru Campos, as\u00ed como la se\u00f1ora Maru Galv\u00e1n, presidenta del DIF Estatal, quienes vienen a inaugurar esta primera etapa de nuestro nuevo CRI\u201d, detall\u00f3.<\/p>\n<p>La alcaldesa tuvo la oportunidad de conversar con dos usuarios del centro, conociendo sus historias de vida y avances en su proceso de rehabilitaci\u00f3n. \u201cEscuchar que antes no pod\u00edan caminar y hoy los vemos con bast\u00f3n o muletas, es lo m\u00e1s bonito y nos inspira a seguir trabajando\u201d, coment\u00f3.<\/p>\n<p>La nueva sede destaca por ser m\u00e1s amplia, luminosa y funcional, lo cual se traduce en una atenci\u00f3n m\u00e1s digna, eficiente y cercana. Adem\u00e1s, se encuentra abierta para toda la poblaci\u00f3n que lo requiera. \u201cEsperamos que nunca tengan que necesitarlo, pero si as\u00ed fuera, aqu\u00ed estamos para servirles\u201d, mencion\u00f3 Miriam Soto.<\/p>\n<p>Por \u00faltimo, La alcaldesa agradeci\u00f3 el respaldo de la gobernadora Maru Campos y de la presidenta del DIF Estatal, Maru Galv\u00e1n, as\u00ed como el apoyo de la ciudadan\u00eda a trav\u00e9s de iniciativas como el redondeo OXXO y la colaboraci\u00f3n de particulares que se sumaron a esta causa.<\/p>\n","protected":false},"excerpt":{"rendered":"<p>La alcaldesa municipal realiz\u00f3 un recorrido por las nuevas instalaciones de la anterior Unidad B\u00e1sica de Rehabilitaci\u00f3n En recorrido por las nuevas instalaciones de lo que antes era la Unidad B\u00e1sica de Rehabilitaci\u00f3n (UBR), Miriam Soto, alcaldesa de Meoqui, dio a conocer que est\u00e1n por concluir los trabajos, resaltando que este ahora ser\u00e1 un Centro de Rehabilitaci\u00f3n Integral (CRI), gracias a la ampliaci\u00f3n de servicios y la mejora sustancial en la infraestructura. \u201cYa estamos utilizando algunos espacios de lo que ser\u00e1 el nuevo CRI. Estoy muy contenta por este paso que dimos, porque nos permite ofrecer m\u00e1s y mejores servicios a la ciudadan\u00eda\u201d, expres\u00f3 la presidenta municipal, quien destac\u00f3 la renovaci\u00f3n total del lugar y su accesibilidad para todos. Por su parte, Norelia Hern\u00e1ndez, presidenta del DIF Municipal, explic\u00f3 que este es un proyecto desarrollado en tres etapas, y que actualmente se est\u00e1 concluyendo la primera. \u201cEl d\u00eda 8 estar\u00e1 por aqu\u00ed la gobernadora Maru Campos, as\u00ed como la se\u00f1ora Maru Galv\u00e1n, presidenta del DIF Estatal, quienes vienen a inaugurar esta primera etapa de nuestro nuevo CRI\u201d, detall\u00f3. La alcaldesa tuvo la oportunidad de conversar con dos usuarios del centro, conociendo sus historias de vida y avances en su proceso de rehabilitaci\u00f3n. \u201cEscuchar que antes no pod\u00edan caminar y hoy los vemos con bast\u00f3n o muletas, es lo m\u00e1s bonito y nos inspira a seguir trabajando\u201d, coment\u00f3. La nueva sede destaca por ser m\u00e1s amplia, luminosa y funcional, lo cual se traduce en una atenci\u00f3n m\u00e1s digna, eficiente y cercana. Adem\u00e1s, se encuentra abierta para toda la poblaci\u00f3n que lo requiera. \u201cEsperamos que nunca tengan que necesitarlo, pero si as\u00ed fuera, aqu\u00ed estamos para servirles\u201d, mencion\u00f3 Miriam Soto. Por \u00faltimo, La alcaldesa agradeci\u00f3 el respaldo de la gobernadora Maru Campos y de la presidenta del DIF Estatal, Maru Galv\u00e1n, as\u00ed como el apoyo de la ciudadan\u00eda a trav\u00e9s de iniciativas como el redondeo OXXO y la colaboraci\u00f3n de particulares que se sumaron a esta causa.<\/p>\n","protected":false},"author":2,"featured_media":15963,"comment_status":"open","ping_status":"open","sticky":false,"template":"","format":"standard","meta":{"_monsterinsights_skip_tracking":false,"_monsterinsights_sitenote_active":false,"_monsterinsights_sitenote_note":"","_monsterinsights_sitenote_category":0,"advanced_seo_description":"","jetpack_seo_html_title":"","jetpack_seo_noindex":false,"_jetpack_memberships_contains_paid_content":false,"footnotes":"","jetpack_publicize_message":"","jetpack_publicize_feature_enabled":true,"jetpack_social_post_already_shared":true,"jetpack_social_options":{"image_generator_settings":{"template":"highway","enabled":false},"version":2}},"categories":[135,7,11],"tags":[],"class_list":["post-15962","post","type-post","status-publish","format-standard","has-post-thumbnail","hentry","category-lo-mas-leido","category-local","category-principal"],"jetpack_publicize_connections":[],"jetpack_sharing_enabled":true,"jetpack_featured_media_url":"https:\/\/i0.wp.com\/alcierrenoticias.com\/wp-content\/uploads\/2025\/06\/WhatsApp-Image-2025-06-26-at-3.43.21-PM.jpeg?fit=1280%2C853&ssl=1","amp_enabled":true,"_links":{"self":[{"href":"https:\/\/alcierrenoticias.com\/index.php\/wp-json\/wp\/v2\/posts\/15962","targetHints":{"allow":["GET"]}}],"collection":[{"href":"https:\/\/alcierrenoticias.com\/index.php\/wp-json\/wp\/v2\/posts"}],"about":[{"href":"https:\/\/alcierrenoticias.com\/index.php\/wp-json\/wp\/v2\/types\/post"}],"author":[{"embeddable":true,"href":"https:\/\/alcierrenoticias.com\/index.php\/wp-json\/wp\/v2\/users\/2"}],"replies":[{"embeddable":true,"href":"https:\/\/alcierrenoticias.com\/index.php\/wp-json\/wp\/v2\/comments?post=15962"}],"version-history":[{"count":2,"href":"https:\/\/alcierrenoticias.com\/index.php\/wp-json\/wp\/v2\/posts\/15962\/revisions"}],"predecessor-version":[{"id":15965,"href":"https:\/\/alcierrenoticias.com\/index.php\/wp-json\/wp\/v2\/posts\/15962\/revisions\/15965"}],"wp:featuredmedia":[{"embeddable":true,"href":"https:\/\/alcierrenoticias.com\/index.php\/wp-json\/wp\/v2\/media\/15963"}],"wp:attachment":[{"href":"https:\/\/alcierrenoticias.com\/index.php\/wp-json\/wp\/v2\/media?parent=15962"}],"wp:term":[{"taxonomy":"category","embeddable":true,"href":"https:\/\/alcierrenoticias.com\/index.php\/wp-json\/wp\/v2\/categories?post=15962"},{"taxonomy":"post_tag","embeddable":true,"href":"https:\/\/alcierrenoticias.com\/index.php\/wp-json\/wp\/v2\/tags?post=15962"}],"curies":[{"name":"wp","href":"https:\/\/api.w.org\/{rel}","templated":true}]}}