{"id":15958,"date":"2025-06-26T15:55:32","date_gmt":"2025-06-26T21:55:32","guid":{"rendered":"https:\/\/alcierrenoticias.com\/?p=15958"},"modified":"2025-06-28T18:04:12","modified_gmt":"2025-06-29T00:04:12","slug":"ofertan-mas-de-2500-vacantes-en-feria-del-empleo-2025-en-delicias-valenciano","status":"publish","type":"post","link":"https:\/\/alcierrenoticias.com\/index.php\/2025\/06\/26\/ofertan-mas-de-2500-vacantes-en-feria-del-empleo-2025-en-delicias-valenciano\/","title":{"rendered":"Ofertan m\u00e1s de 2,500 vacantes en Feria del Empleo 2025 en Delicias: Valenciano."},"content":{"rendered":"<p>Este jueves se llev\u00f3 a cabo con gran \u00e9xito la Feria del Empleo 2025 en Delicias, organizada por el Instituto de Desarrollo Econ\u00f3mico y Agropecuario (IDEA) en coordinaci\u00f3n con la Secretar\u00eda del Trabajo y Previsi\u00f3n Social del Gobierno del Estado. Desde las 9 de la ma\u00f1ana y hasta las 3 de la tarde, m\u00e1s de 44 empresas locales y regionales instalaron sus m\u00f3dulos en busca de talento para cubrir una amplia gama de vacantes.<\/p>\n<p>Durante su participaci\u00f3n, el presidente municipal Jes\u00fas Valenciano Garc\u00eda agradeci\u00f3 a las empresas por su compromiso con el desarrollo de Delicias. En ese sentido, el alcalde record\u00f3 que recientemente se rehabilit\u00f3 y abri\u00f3 a la circulaci\u00f3n el acceso principal al Parque Industrial de Delicias, una obra que fortalece la infraestructura y mejora las condiciones log\u00edsticas para que m\u00e1s empresas lleguen al municipio. Con esta obra, explic\u00f3, se espera que contin\u00fae creciendo la oferta de empleo formal y bien remunerado en la regi\u00f3n.<\/p>\n<p>Adem\u00e1s, Jes\u00fas Valenciano destac\u00f3 que al sumar la Bolsa de Trabajo de Delicias, las oportunidades que ofrecen las c\u00e1maras empresariales y las vacantes disponibles en esta feria, se superan las 2,500 oportunidades laborales disponibles para los ciudadanos. \u201cNuestra intenci\u00f3n es clara: seguir construyendo alianzas que generen empleos reales, y por ello agradecemos el respaldo de la Secretar\u00eda del Trabajo del Gobierno del Estado\u201d, puntualiz\u00f3.<\/p>\n<p>El evento cont\u00f3 con la participaci\u00f3n del diputado Roberto Carre\u00f3n; la sindicalista Gaby Franco; representantes estatales de la Secretar\u00eda del Trabajo, integrantes de diversas c\u00e1maras empresariales y funcionarios municipales.<\/p>\n","protected":false},"excerpt":{"rendered":"<p>Este jueves se llev\u00f3 a cabo con gran \u00e9xito la Feria del Empleo 2025 en Delicias, organizada por el Instituto de Desarrollo Econ\u00f3mico y Agropecuario (IDEA) en coordinaci\u00f3n con la Secretar\u00eda del Trabajo y Previsi\u00f3n Social del Gobierno del Estado. Desde las 9 de la ma\u00f1ana y hasta las 3 de la tarde, m\u00e1s de 44 empresas locales y regionales instalaron sus m\u00f3dulos en busca de talento para cubrir una amplia gama de vacantes. Durante su participaci\u00f3n, el presidente municipal Jes\u00fas Valenciano Garc\u00eda agradeci\u00f3 a las empresas por su compromiso con el desarrollo de Delicias. En ese sentido, el alcalde record\u00f3 que recientemente se rehabilit\u00f3 y abri\u00f3 a la circulaci\u00f3n el acceso principal al Parque Industrial de Delicias, una obra que fortalece la infraestructura y mejora las condiciones log\u00edsticas para que m\u00e1s empresas lleguen al municipio. Con esta obra, explic\u00f3, se espera que contin\u00fae creciendo la oferta de empleo formal y bien remunerado en la regi\u00f3n. Adem\u00e1s, Jes\u00fas Valenciano destac\u00f3 que al sumar la Bolsa de Trabajo de Delicias, las oportunidades que ofrecen las c\u00e1maras empresariales y las vacantes disponibles en esta feria, se superan las 2,500 oportunidades laborales disponibles para los ciudadanos. \u201cNuestra intenci\u00f3n es clara: seguir construyendo alianzas que generen empleos reales, y por ello agradecemos el respaldo de la Secretar\u00eda del Trabajo del Gobierno del Estado\u201d, puntualiz\u00f3. El evento cont\u00f3 con la participaci\u00f3n del diputado Roberto Carre\u00f3n; la sindicalista Gaby Franco; representantes estatales de la Secretar\u00eda del Trabajo, integrantes de diversas c\u00e1maras empresariales y funcionarios municipales.<\/p>\n","protected":false},"author":2,"featured_media":15960,"comment_status":"open","ping_status":"open","sticky":false,"template":"","format":"standard","meta":{"_monsterinsights_skip_tracking":false,"_monsterinsights_sitenote_active":false,"_monsterinsights_sitenote_note":"","_monsterinsights_sitenote_category":0,"advanced_seo_description":"","jetpack_seo_html_title":"","jetpack_seo_noindex":false,"_jetpack_memberships_contains_paid_content":false,"footnotes":"","jetpack_publicize_message":"","jetpack_publicize_feature_enabled":true,"jetpack_social_post_already_shared":true,"jetpack_social_options":{"image_generator_settings":{"template":"highway","enabled":false},"version":2}},"categories":[135,7,11],"tags":[],"class_list":["post-15958","post","type-post","status-publish","format-standard","has-post-thumbnail","hentry","category-lo-mas-leido","category-local","category-principal"],"jetpack_publicize_connections":[],"jetpack_sharing_enabled":true,"jetpack_featured_media_url":"https:\/\/i0.wp.com\/alcierrenoticias.com\/wp-content\/uploads\/2025\/06\/WhatsApp-Image-2025-06-26-at-3.40.52-PM-scaled.jpeg?fit=2560%2C1707&ssl=1","amp_enabled":true,"_links":{"self":[{"href":"https:\/\/alcierrenoticias.com\/index.php\/wp-json\/wp\/v2\/posts\/15958","targetHints":{"allow":["GET"]}}],"collection":[{"href":"https:\/\/alcierrenoticias.com\/index.php\/wp-json\/wp\/v2\/posts"}],"about":[{"href":"https:\/\/alcierrenoticias.com\/index.php\/wp-json\/wp\/v2\/types\/post"}],"author":[{"embeddable":true,"href":"https:\/\/alcierrenoticias.com\/index.php\/wp-json\/wp\/v2\/users\/2"}],"replies":[{"embeddable":true,"href":"https:\/\/alcierrenoticias.com\/index.php\/wp-json\/wp\/v2\/comments?post=15958"}],"version-history":[{"count":2,"href":"https:\/\/alcierrenoticias.com\/index.php\/wp-json\/wp\/v2\/posts\/15958\/revisions"}],"predecessor-version":[{"id":15961,"href":"https:\/\/alcierrenoticias.com\/index.php\/wp-json\/wp\/v2\/posts\/15958\/revisions\/15961"}],"wp:featuredmedia":[{"embeddable":true,"href":"https:\/\/alcierrenoticias.com\/index.php\/wp-json\/wp\/v2\/media\/15960"}],"wp:attachment":[{"href":"https:\/\/alcierrenoticias.com\/index.php\/wp-json\/wp\/v2\/media?parent=15958"}],"wp:term":[{"taxonomy":"category","embeddable":true,"href":"https:\/\/alcierrenoticias.com\/index.php\/wp-json\/wp\/v2\/categories?post=15958"},{"taxonomy":"post_tag","embeddable":true,"href":"https:\/\/alcierrenoticias.com\/index.php\/wp-json\/wp\/v2\/tags?post=15958"}],"curies":[{"name":"wp","href":"https:\/\/api.w.org\/{rel}","templated":true}]}}