{"id":15945,"date":"2025-06-26T13:42:38","date_gmt":"2025-06-26T19:42:38","guid":{"rendered":"https:\/\/alcierrenoticias.com\/?p=15945"},"modified":"2025-06-26T13:42:38","modified_gmt":"2025-06-26T19:42:38","slug":"hoy-en-feria-de-meoqui-ninos-entran-gratis-y-adultos-pagan-solo-50-pesos","status":"publish","type":"post","link":"https:\/\/alcierrenoticias.com\/index.php\/2025\/06\/26\/hoy-en-feria-de-meoqui-ninos-entran-gratis-y-adultos-pagan-solo-50-pesos\/","title":{"rendered":"Hoy en Feria de Meoqui ni\u00f1os entran gratis y adultos pagan s\u00f3lo 50 pesos."},"content":{"rendered":"<p>Ma\u00f1ana viernes: La Etiqueta y La Exigencia, s\u00e1bado: Los Capitanes de Ojinaga y domingo: Tropical\u00edsimo Apache<\/p>\n<p>Este 26 de junio, los ni\u00f1os entran gratis a la Feria San Pedro y San Pablo de Meoqui y los adultos pagan s\u00f3lo 50 pesos, contando adem\u00e1s con circo completamente gratuito con el boleto de acceso con dos funciones, siendo la primera a las 7:30 de la tarde y la otra a las 9:00 de la noche, as\u00ed como tambi\u00e9n \u00e1reas gastron\u00f3micas, los tradicionales juegos mec\u00e1nicos, expo de emprendedores \u201cProduciendo con Amor\u201d, actividades infantiles y mucho m\u00e1s.<\/p>\n<p>Asimismo, el viernes 27 de junio se presentar\u00e1n La Etiqueta y La Exigencia, adem\u00e1s de ser la Coronaci\u00f3n de la Reina de la Feria San Pedro y San Pablo; el 28 de junio los Capitanes de Ojinaga, y para cerrar con broche de oro, el 29 de junio, Tropical\u00edsimo Apache pondr\u00e1 a todos a bailar.<\/p>\n<p>Gobierno Municipal de Meoqui extiende la invitaci\u00f3n a todos los habitantes de la regi\u00f3n y el estado a sumarse a la gran fiesta de los meoquenses por su 316 aniversario de fundaci\u00f3n.<\/p>\n","protected":false},"excerpt":{"rendered":"<p>Ma\u00f1ana viernes: La Etiqueta y La Exigencia, s\u00e1bado: Los Capitanes de Ojinaga y domingo: Tropical\u00edsimo Apache Este 26 de junio, los ni\u00f1os entran gratis a la Feria San Pedro y San Pablo de Meoqui y los adultos pagan s\u00f3lo 50 pesos, contando adem\u00e1s con circo completamente gratuito con el boleto de acceso con dos funciones, siendo la primera a las 7:30 de la tarde y la otra a las 9:00 de la noche, as\u00ed como tambi\u00e9n \u00e1reas gastron\u00f3micas, los tradicionales juegos mec\u00e1nicos, expo de emprendedores \u201cProduciendo con Amor\u201d, actividades infantiles y mucho m\u00e1s. Asimismo, el viernes 27 de junio se presentar\u00e1n La Etiqueta y La Exigencia, adem\u00e1s de ser la Coronaci\u00f3n de la Reina de la Feria San Pedro y San Pablo; el 28 de junio los Capitanes de Ojinaga, y para cerrar con broche de oro, el 29 de junio, Tropical\u00edsimo Apache pondr\u00e1 a todos a bailar. Gobierno Municipal de Meoqui extiende la invitaci\u00f3n a todos los habitantes de la regi\u00f3n y el estado a sumarse a la gran fiesta de los meoquenses por su 316 aniversario de fundaci\u00f3n.<\/p>\n","protected":false},"author":2,"featured_media":15946,"comment_status":"open","ping_status":"open","sticky":false,"template":"","format":"standard","meta":{"_monsterinsights_skip_tracking":false,"_monsterinsights_sitenote_active":false,"_monsterinsights_sitenote_note":"","_monsterinsights_sitenote_category":0,"advanced_seo_description":"","jetpack_seo_html_title":"","jetpack_seo_noindex":false,"_jetpack_memberships_contains_paid_content":false,"footnotes":"","jetpack_publicize_message":"","jetpack_publicize_feature_enabled":true,"jetpack_social_post_already_shared":true,"jetpack_social_options":{"image_generator_settings":{"template":"highway","enabled":false},"version":2}},"categories":[135,7,11],"tags":[],"class_list":["post-15945","post","type-post","status-publish","format-standard","has-post-thumbnail","hentry","category-lo-mas-leido","category-local","category-principal"],"jetpack_publicize_connections":[],"jetpack_sharing_enabled":true,"jetpack_featured_media_url":"https:\/\/i0.wp.com\/alcierrenoticias.com\/wp-content\/uploads\/2025\/06\/WhatsApp-Image-2025-06-26-at-1.34.41-PM-e1750966952775.jpeg?fit=500%2C500&ssl=1","amp_enabled":true,"_links":{"self":[{"href":"https:\/\/alcierrenoticias.com\/index.php\/wp-json\/wp\/v2\/posts\/15945","targetHints":{"allow":["GET"]}}],"collection":[{"href":"https:\/\/alcierrenoticias.com\/index.php\/wp-json\/wp\/v2\/posts"}],"about":[{"href":"https:\/\/alcierrenoticias.com\/index.php\/wp-json\/wp\/v2\/types\/post"}],"author":[{"embeddable":true,"href":"https:\/\/alcierrenoticias.com\/index.php\/wp-json\/wp\/v2\/users\/2"}],"replies":[{"embeddable":true,"href":"https:\/\/alcierrenoticias.com\/index.php\/wp-json\/wp\/v2\/comments?post=15945"}],"version-history":[{"count":2,"href":"https:\/\/alcierrenoticias.com\/index.php\/wp-json\/wp\/v2\/posts\/15945\/revisions"}],"predecessor-version":[{"id":15948,"href":"https:\/\/alcierrenoticias.com\/index.php\/wp-json\/wp\/v2\/posts\/15945\/revisions\/15948"}],"wp:featuredmedia":[{"embeddable":true,"href":"https:\/\/alcierrenoticias.com\/index.php\/wp-json\/wp\/v2\/media\/15946"}],"wp:attachment":[{"href":"https:\/\/alcierrenoticias.com\/index.php\/wp-json\/wp\/v2\/media?parent=15945"}],"wp:term":[{"taxonomy":"category","embeddable":true,"href":"https:\/\/alcierrenoticias.com\/index.php\/wp-json\/wp\/v2\/categories?post=15945"},{"taxonomy":"post_tag","embeddable":true,"href":"https:\/\/alcierrenoticias.com\/index.php\/wp-json\/wp\/v2\/tags?post=15945"}],"curies":[{"name":"wp","href":"https:\/\/api.w.org\/{rel}","templated":true}]}}