{"id":15929,"date":"2025-06-25T17:55:57","date_gmt":"2025-06-25T23:55:57","guid":{"rendered":"https:\/\/alcierrenoticias.com\/?p=15929"},"modified":"2025-06-26T13:03:02","modified_gmt":"2025-06-26T19:03:02","slug":"realizan-1er-recorrido-historico-turistico-en-meoqui-con-55-alumnos-de-la-tecnica-39","status":"publish","type":"post","link":"https:\/\/alcierrenoticias.com\/index.php\/2025\/06\/25\/realizan-1er-recorrido-historico-turistico-en-meoqui-con-55-alumnos-de-la-tecnica-39\/","title":{"rendered":"Realizan 1er Recorrido Hist\u00f3rico Tur\u00edstico en Meoqui con 55 alumnos de la T\u00e9cnica 39."},"content":{"rendered":"<p>Buscan fortalecer el sentido de identidad en el marco de los festejos por el 316 Aniversario del municipio<\/p>\n<p>Como parte de los festejos por el 316 Aniversario se llev\u00f3 a cabo el primer Recorrido Hist\u00f3rico Tur\u00edstico en Meoqui con 55 alumnos de la T\u00e9cnica 39, con el objetivo de que los j\u00f3venes conocieran m\u00e1s sobre los sitios hist\u00f3ricos relevantes del municipio y as\u00ed fortalecer el sentido de identidad.<\/p>\n<p>El Prof. Francisco Gonz\u00e1lez, director de Promoci\u00f3n de Identidad Regional e Historia de Meoqui, mencion\u00f3 que esto es gracias a la visi\u00f3n de la alcaldesa Miriam Soto de promover la historia y tradiciones del municipio: \u201cEstamos muy contentos, es la primera vez que se realiza un recorrido de este tipo con alumnos de secundaria. Est\u00e1n emocionados, disfrutan el tour y esto es una forma de reflejar la identidad del gobierno municipal, que trabaja cercano a su gente\u201d, destac\u00f3.<\/p>\n<p>Por su parte, Ana Laura Alvarado, maestra de Historia en la T\u00e9cnica 39, subray\u00f3 la relevancia de estas actividades en el contexto del nuevo modelo educativo: \u201cEste paseo tur\u00edstico no solo enriquece el aprendizaje, sino que les permite a los estudiantes conocer m\u00e1s sobre su historia, su ciudad, y desarrollar un sentido de pertenencia. Queremos seguir trabajando con el profesor Francisco Gonz\u00e1lez para integrar m\u00e1s actividades como est\u00e1 el pr\u00f3ximo ciclo escolar\u201d, se\u00f1al\u00f3.<\/p>\n<p>La docente tambi\u00e9n explic\u00f3 que esta actividad marca el inicio de una serie de eventos conmemorativos que celebran tanto el aniversario de la ciudad como las festividades religiosas: \u201cEs importante que los j\u00f3venes comprendan qu\u00e9 es Meoqui, qu\u00e9 ofrece hist\u00f3ricamente y qu\u00e9 pueden aportar ellos como ciudadanos. Conocer el origen de su ciudad les ayuda a construir una identidad s\u00f3lida\u201d, concluy\u00f3.<\/p>\n","protected":false},"excerpt":{"rendered":"<p>Buscan fortalecer el sentido de identidad en el marco de los festejos por el 316 Aniversario del municipio Como parte de los festejos por el 316 Aniversario se llev\u00f3 a cabo el primer Recorrido Hist\u00f3rico Tur\u00edstico en Meoqui con 55 alumnos de la T\u00e9cnica 39, con el objetivo de que los j\u00f3venes conocieran m\u00e1s sobre los sitios hist\u00f3ricos relevantes del municipio y as\u00ed fortalecer el sentido de identidad. El Prof. Francisco Gonz\u00e1lez, director de Promoci\u00f3n de Identidad Regional e Historia de Meoqui, mencion\u00f3 que esto es gracias a la visi\u00f3n de la alcaldesa Miriam Soto de promover la historia y tradiciones del municipio: \u201cEstamos muy contentos, es la primera vez que se realiza un recorrido de este tipo con alumnos de secundaria. Est\u00e1n emocionados, disfrutan el tour y esto es una forma de reflejar la identidad del gobierno municipal, que trabaja cercano a su gente\u201d, destac\u00f3. Por su parte, Ana Laura Alvarado, maestra de Historia en la T\u00e9cnica 39, subray\u00f3 la relevancia de estas actividades en el contexto del nuevo modelo educativo: \u201cEste paseo tur\u00edstico no solo enriquece el aprendizaje, sino que les permite a los estudiantes conocer m\u00e1s sobre su historia, su ciudad, y desarrollar un sentido de pertenencia. Queremos seguir trabajando con el profesor Francisco Gonz\u00e1lez para integrar m\u00e1s actividades como est\u00e1 el pr\u00f3ximo ciclo escolar\u201d, se\u00f1al\u00f3. La docente tambi\u00e9n explic\u00f3 que esta actividad marca el inicio de una serie de eventos conmemorativos que celebran tanto el aniversario de la ciudad como las festividades religiosas: \u201cEs importante que los j\u00f3venes comprendan qu\u00e9 es Meoqui, qu\u00e9 ofrece hist\u00f3ricamente y qu\u00e9 pueden aportar ellos como ciudadanos. Conocer el origen de su ciudad les ayuda a construir una identidad s\u00f3lida\u201d, concluy\u00f3.<\/p>\n","protected":false},"author":2,"featured_media":15930,"comment_status":"open","ping_status":"open","sticky":false,"template":"","format":"standard","meta":{"_monsterinsights_skip_tracking":false,"_monsterinsights_sitenote_active":false,"_monsterinsights_sitenote_note":"","_monsterinsights_sitenote_category":0,"advanced_seo_description":"","jetpack_seo_html_title":"","jetpack_seo_noindex":false,"_jetpack_memberships_contains_paid_content":false,"footnotes":"","jetpack_publicize_message":"","jetpack_publicize_feature_enabled":true,"jetpack_social_post_already_shared":true,"jetpack_social_options":{"image_generator_settings":{"template":"highway","enabled":false},"version":2}},"categories":[135,7,11],"tags":[],"class_list":["post-15929","post","type-post","status-publish","format-standard","has-post-thumbnail","hentry","category-lo-mas-leido","category-local","category-principal"],"jetpack_publicize_connections":[],"jetpack_sharing_enabled":true,"jetpack_featured_media_url":"https:\/\/i0.wp.com\/alcierrenoticias.com\/wp-content\/uploads\/2025\/06\/WhatsApp-Image-2025-06-25-at-5.36.57-PM.jpeg?fit=1280%2C853&ssl=1","amp_enabled":true,"_links":{"self":[{"href":"https:\/\/alcierrenoticias.com\/index.php\/wp-json\/wp\/v2\/posts\/15929","targetHints":{"allow":["GET"]}}],"collection":[{"href":"https:\/\/alcierrenoticias.com\/index.php\/wp-json\/wp\/v2\/posts"}],"about":[{"href":"https:\/\/alcierrenoticias.com\/index.php\/wp-json\/wp\/v2\/types\/post"}],"author":[{"embeddable":true,"href":"https:\/\/alcierrenoticias.com\/index.php\/wp-json\/wp\/v2\/users\/2"}],"replies":[{"embeddable":true,"href":"https:\/\/alcierrenoticias.com\/index.php\/wp-json\/wp\/v2\/comments?post=15929"}],"version-history":[{"count":2,"href":"https:\/\/alcierrenoticias.com\/index.php\/wp-json\/wp\/v2\/posts\/15929\/revisions"}],"predecessor-version":[{"id":15932,"href":"https:\/\/alcierrenoticias.com\/index.php\/wp-json\/wp\/v2\/posts\/15929\/revisions\/15932"}],"wp:featuredmedia":[{"embeddable":true,"href":"https:\/\/alcierrenoticias.com\/index.php\/wp-json\/wp\/v2\/media\/15930"}],"wp:attachment":[{"href":"https:\/\/alcierrenoticias.com\/index.php\/wp-json\/wp\/v2\/media?parent=15929"}],"wp:term":[{"taxonomy":"category","embeddable":true,"href":"https:\/\/alcierrenoticias.com\/index.php\/wp-json\/wp\/v2\/categories?post=15929"},{"taxonomy":"post_tag","embeddable":true,"href":"https:\/\/alcierrenoticias.com\/index.php\/wp-json\/wp\/v2\/tags?post=15929"}],"curies":[{"name":"wp","href":"https:\/\/api.w.org\/{rel}","templated":true}]}}