{"id":15907,"date":"2025-06-25T13:35:33","date_gmt":"2025-06-25T19:35:33","guid":{"rendered":"https:\/\/alcierrenoticias.com\/?p=15907"},"modified":"2025-06-25T14:37:36","modified_gmt":"2025-06-25T20:37:36","slug":"seguimos-sumando-en-el-deporte-entregamos-uniformes-a-la-seleccion-de-beisbol-categoria-7-8-anos-jorge-aldana","status":"publish","type":"post","link":"https:\/\/alcierrenoticias.com\/index.php\/2025\/06\/25\/seguimos-sumando-en-el-deporte-entregamos-uniformes-a-la-seleccion-de-beisbol-categoria-7-8-anos-jorge-aldana\/","title":{"rendered":"&#8220;Seguimos sumando en el deporte; entregamos uniformes a la selecci\u00f3n de b\u00e9isbol categor\u00eda 7-8 a\u00f1os\u201d: Jorge Aldana."},"content":{"rendered":"<p>Como parte del compromiso con el fomento al deporte infantil, el Gobierno Municipal de Camargo realiz\u00f3 la entrega de uniformes oficiales a la selecci\u00f3n de b\u00e9isbol de la categor\u00eda 7-8 a\u00f1os, que representar\u00e1 con orgullo a nuestro municipio en pr\u00f3ximos encuentros deportivos.<\/p>\n<p>La entrega se llev\u00f3 a cabo en un ambiente de entusiasmo, donde las y los peque\u00f1os deportistas, junto a sus entrenadores y familias, recibieron los uniformes con alegr\u00eda y motivaci\u00f3n. Esta acci\u00f3n reafirma el respaldo de la administraci\u00f3n municipal hacia las nuevas generaciones de atletas camarguenses.<\/p>\n<p>\u201cEstamos convencidos de que el deporte es una herramienta fundamental para formar buenos ciudadanos y fomentar valores como la disciplina, el respeto y el trabajo en equipo. Por eso, seguiremos impulsando acciones que fortalezcan el desarrollo de nuestras ni\u00f1as y ni\u00f1os\u201d, se\u00f1al\u00f3 el presidente municipal Jorge Aldana.<\/p>\n<p>El Gobierno Municipal continuar\u00e1 destinando recursos y esfuerzos para apoyar las diferentes disciplinas deportivas, apostando al crecimiento de un Camargo m\u00e1s activo, sano y con oportunidades para todos desde temprana edad.<\/p>\n","protected":false},"excerpt":{"rendered":"<p>Como parte del compromiso con el fomento al deporte infantil, el Gobierno Municipal de Camargo realiz\u00f3 la entrega de uniformes oficiales a la selecci\u00f3n de b\u00e9isbol de la categor\u00eda 7-8 a\u00f1os, que representar\u00e1 con orgullo a nuestro municipio en pr\u00f3ximos encuentros deportivos. La entrega se llev\u00f3 a cabo en un ambiente de entusiasmo, donde las y los peque\u00f1os deportistas, junto a sus entrenadores y familias, recibieron los uniformes con alegr\u00eda y motivaci\u00f3n. Esta acci\u00f3n reafirma el respaldo de la administraci\u00f3n municipal hacia las nuevas generaciones de atletas camarguenses. \u201cEstamos convencidos de que el deporte es una herramienta fundamental para formar buenos ciudadanos y fomentar valores como la disciplina, el respeto y el trabajo en equipo. Por eso, seguiremos impulsando acciones que fortalezcan el desarrollo de nuestras ni\u00f1as y ni\u00f1os\u201d, se\u00f1al\u00f3 el presidente municipal Jorge Aldana. El Gobierno Municipal continuar\u00e1 destinando recursos y esfuerzos para apoyar las diferentes disciplinas deportivas, apostando al crecimiento de un Camargo m\u00e1s activo, sano y con oportunidades para todos desde temprana edad.<\/p>\n","protected":false},"author":2,"featured_media":15908,"comment_status":"open","ping_status":"open","sticky":false,"template":"","format":"standard","meta":{"_monsterinsights_skip_tracking":false,"_monsterinsights_sitenote_active":false,"_monsterinsights_sitenote_note":"","_monsterinsights_sitenote_category":0,"advanced_seo_description":"","jetpack_seo_html_title":"","jetpack_seo_noindex":false,"_jetpack_memberships_contains_paid_content":false,"footnotes":"","jetpack_publicize_message":"","jetpack_publicize_feature_enabled":true,"jetpack_social_post_already_shared":true,"jetpack_social_options":{"image_generator_settings":{"template":"highway","enabled":false},"version":2}},"categories":[8,135,11],"tags":[],"class_list":["post-15907","post","type-post","status-publish","format-standard","has-post-thumbnail","hentry","category-estado","category-lo-mas-leido","category-principal"],"jetpack_publicize_connections":[],"jetpack_sharing_enabled":true,"jetpack_featured_media_url":"https:\/\/i0.wp.com\/alcierrenoticias.com\/wp-content\/uploads\/2025\/06\/WhatsApp-Image-2025-06-25-at-1.02.00-PM.jpeg?fit=1600%2C1066&ssl=1","amp_enabled":true,"_links":{"self":[{"href":"https:\/\/alcierrenoticias.com\/index.php\/wp-json\/wp\/v2\/posts\/15907","targetHints":{"allow":["GET"]}}],"collection":[{"href":"https:\/\/alcierrenoticias.com\/index.php\/wp-json\/wp\/v2\/posts"}],"about":[{"href":"https:\/\/alcierrenoticias.com\/index.php\/wp-json\/wp\/v2\/types\/post"}],"author":[{"embeddable":true,"href":"https:\/\/alcierrenoticias.com\/index.php\/wp-json\/wp\/v2\/users\/2"}],"replies":[{"embeddable":true,"href":"https:\/\/alcierrenoticias.com\/index.php\/wp-json\/wp\/v2\/comments?post=15907"}],"version-history":[{"count":1,"href":"https:\/\/alcierrenoticias.com\/index.php\/wp-json\/wp\/v2\/posts\/15907\/revisions"}],"predecessor-version":[{"id":15909,"href":"https:\/\/alcierrenoticias.com\/index.php\/wp-json\/wp\/v2\/posts\/15907\/revisions\/15909"}],"wp:featuredmedia":[{"embeddable":true,"href":"https:\/\/alcierrenoticias.com\/index.php\/wp-json\/wp\/v2\/media\/15908"}],"wp:attachment":[{"href":"https:\/\/alcierrenoticias.com\/index.php\/wp-json\/wp\/v2\/media?parent=15907"}],"wp:term":[{"taxonomy":"category","embeddable":true,"href":"https:\/\/alcierrenoticias.com\/index.php\/wp-json\/wp\/v2\/categories?post=15907"},{"taxonomy":"post_tag","embeddable":true,"href":"https:\/\/alcierrenoticias.com\/index.php\/wp-json\/wp\/v2\/tags?post=15907"}],"curies":[{"name":"wp","href":"https:\/\/api.w.org\/{rel}","templated":true}]}}