{"id":15857,"date":"2025-06-24T10:18:32","date_gmt":"2025-06-24T16:18:32","guid":{"rendered":"https:\/\/alcierrenoticias.com\/?p=15857"},"modified":"2025-06-24T20:20:57","modified_gmt":"2025-06-25T02:20:57","slug":"asiste-jorge-aldana-a-encuentro-estrategico-para-impulsar-desarrollo-industrial-de-camargo-y-la-region","status":"publish","type":"post","link":"https:\/\/alcierrenoticias.com\/index.php\/2025\/06\/24\/asiste-jorge-aldana-a-encuentro-estrategico-para-impulsar-desarrollo-industrial-de-camargo-y-la-region\/","title":{"rendered":"Asiste Jorge Aldana a encuentro estrat\u00e9gico para impulsar desarrollo industrial de Camargo y la regi\u00f3n."},"content":{"rendered":"<p>Con el objetivo de fortalecer el desarrollo industrial en la regi\u00f3n, esta ma\u00f1ana se llev\u00f3 a cabo un encuentro estrat\u00e9gico con representantes del sector industrial, en el que se avanz\u00f3 en temas clave para la promoci\u00f3n econ\u00f3mica y la generaci\u00f3n de empleo.<\/p>\n<p>Durante la reuni\u00f3n, se puso especial \u00e9nfasis en el proyecto del Parque Industrial El Soldado, un proyecto prioritario para el crecimiento econ\u00f3mico sostenible de Camargo y sus alrededores.<\/p>\n<p>Este esfuerzo cuenta con el respaldo de importantes aliados, entre ellos la Secretar\u00eda de Innovaci\u00f3n y Desarrollo Econ\u00f3mico del Gobierno del Estado, CENALTEC, PRODECH y la Direcci\u00f3n de Gesti\u00f3n Estrat\u00e9gica, quienes aportan experiencia en capacitaci\u00f3n, promoci\u00f3n de inversi\u00f3n y planificaci\u00f3n estrat\u00e9gica.<\/p>\n<p>El presidente municipal de Camargo reiter\u00f3 su compromiso de trabajar de la mano con estos organismos y el sector industrial para atraer inversi\u00f3n, generar empleos y crear nuevas oportunidades para las familias camarguenses.<\/p>\n<p>Con acciones como esta, Camargo avanza hacia un futuro m\u00e1s pr\u00f3spero y con mayor desarrollo econ\u00f3mico.<\/p>\n","protected":false},"excerpt":{"rendered":"<p>Con el objetivo de fortalecer el desarrollo industrial en la regi\u00f3n, esta ma\u00f1ana se llev\u00f3 a cabo un encuentro estrat\u00e9gico con representantes del sector industrial, en el que se avanz\u00f3 en temas clave para la promoci\u00f3n econ\u00f3mica y la generaci\u00f3n de empleo. Durante la reuni\u00f3n, se puso especial \u00e9nfasis en el proyecto del Parque Industrial El Soldado, un proyecto prioritario para el crecimiento econ\u00f3mico sostenible de Camargo y sus alrededores. Este esfuerzo cuenta con el respaldo de importantes aliados, entre ellos la Secretar\u00eda de Innovaci\u00f3n y Desarrollo Econ\u00f3mico del Gobierno del Estado, CENALTEC, PRODECH y la Direcci\u00f3n de Gesti\u00f3n Estrat\u00e9gica, quienes aportan experiencia en capacitaci\u00f3n, promoci\u00f3n de inversi\u00f3n y planificaci\u00f3n estrat\u00e9gica. El presidente municipal de Camargo reiter\u00f3 su compromiso de trabajar de la mano con estos organismos y el sector industrial para atraer inversi\u00f3n, generar empleos y crear nuevas oportunidades para las familias camarguenses. Con acciones como esta, Camargo avanza hacia un futuro m\u00e1s pr\u00f3spero y con mayor desarrollo econ\u00f3mico.<\/p>\n","protected":false},"author":2,"featured_media":15858,"comment_status":"open","ping_status":"open","sticky":false,"template":"","format":"standard","meta":{"_monsterinsights_skip_tracking":false,"_monsterinsights_sitenote_active":false,"_monsterinsights_sitenote_note":"","_monsterinsights_sitenote_category":0,"advanced_seo_description":"","jetpack_seo_html_title":"","jetpack_seo_noindex":false,"_jetpack_memberships_contains_paid_content":false,"footnotes":"","jetpack_publicize_message":"","jetpack_publicize_feature_enabled":true,"jetpack_social_post_already_shared":true,"jetpack_social_options":{"image_generator_settings":{"template":"highway","enabled":false},"version":2}},"categories":[8,135,11],"tags":[],"class_list":["post-15857","post","type-post","status-publish","format-standard","has-post-thumbnail","hentry","category-estado","category-lo-mas-leido","category-principal"],"jetpack_publicize_connections":[],"jetpack_sharing_enabled":true,"jetpack_featured_media_url":"https:\/\/i0.wp.com\/alcierrenoticias.com\/wp-content\/uploads\/2025\/06\/WhatsApp-Image-2025-06-24-at-10.09.05-AM.jpeg?fit=1600%2C1200&ssl=1","amp_enabled":true,"_links":{"self":[{"href":"https:\/\/alcierrenoticias.com\/index.php\/wp-json\/wp\/v2\/posts\/15857","targetHints":{"allow":["GET"]}}],"collection":[{"href":"https:\/\/alcierrenoticias.com\/index.php\/wp-json\/wp\/v2\/posts"}],"about":[{"href":"https:\/\/alcierrenoticias.com\/index.php\/wp-json\/wp\/v2\/types\/post"}],"author":[{"embeddable":true,"href":"https:\/\/alcierrenoticias.com\/index.php\/wp-json\/wp\/v2\/users\/2"}],"replies":[{"embeddable":true,"href":"https:\/\/alcierrenoticias.com\/index.php\/wp-json\/wp\/v2\/comments?post=15857"}],"version-history":[{"count":2,"href":"https:\/\/alcierrenoticias.com\/index.php\/wp-json\/wp\/v2\/posts\/15857\/revisions"}],"predecessor-version":[{"id":15860,"href":"https:\/\/alcierrenoticias.com\/index.php\/wp-json\/wp\/v2\/posts\/15857\/revisions\/15860"}],"wp:featuredmedia":[{"embeddable":true,"href":"https:\/\/alcierrenoticias.com\/index.php\/wp-json\/wp\/v2\/media\/15858"}],"wp:attachment":[{"href":"https:\/\/alcierrenoticias.com\/index.php\/wp-json\/wp\/v2\/media?parent=15857"}],"wp:term":[{"taxonomy":"category","embeddable":true,"href":"https:\/\/alcierrenoticias.com\/index.php\/wp-json\/wp\/v2\/categories?post=15857"},{"taxonomy":"post_tag","embeddable":true,"href":"https:\/\/alcierrenoticias.com\/index.php\/wp-json\/wp\/v2\/tags?post=15857"}],"curies":[{"name":"wp","href":"https:\/\/api.w.org\/{rel}","templated":true}]}}