{"id":15828,"date":"2025-06-23T11:45:22","date_gmt":"2025-06-23T17:45:22","guid":{"rendered":"https:\/\/alcierrenoticias.com\/?p=15828"},"modified":"2025-06-23T14:15:38","modified_gmt":"2025-06-23T20:15:38","slug":"compromiso-con-la-educacion-perez-pavia-mejora-instalaciones-de-la-tecnica-21","status":"publish","type":"post","link":"https:\/\/alcierrenoticias.com\/index.php\/2025\/06\/23\/compromiso-con-la-educacion-perez-pavia-mejora-instalaciones-de-la-tecnica-21\/","title":{"rendered":"Compromiso con la educaci\u00f3n: P\u00e9rez Pav\u00eda mejora instalaciones de la T\u00e9cnica 21."},"content":{"rendered":"<p>El diputado local del Distrito 11, Ismael P\u00e9rez Pav\u00eda, dio un paso m\u00e1s en su compromiso con la educaci\u00f3n, al lograr la mejora de los accesos a la Escuela Secundaria T\u00e9cnica No. 21 en la comunidad de L\u00e1zaro C\u00e1rdenas, Meoqui.<\/p>\n<p>El acceso al plantel fue rehabilitado con material fresado, permitiendo a estudiantes y docentes transitar con mayor seguridad y dignidad. Esta acci\u00f3n, aunque sencilla a los ojos de algunos, representa un cambio importante para quienes viven el d\u00eda a d\u00eda escolar.<\/p>\n<p>\u201cUna mejor escuela hace una gran diferencia. No se trata solo de arreglar un camino, sino de demostrarle a nuestras ni\u00f1as, ni\u00f1os y j\u00f3venes que su educaci\u00f3n nos importa, que estamos con ellos y que s\u00ed se pueden hacer las cosas bien\u201d, expres\u00f3 P\u00e9rez Pav\u00eda.<\/p>\n<p>El legislador reconoci\u00f3 el respaldo de la gobernadora Maru Campos, as\u00ed como la voluntad del secretario Jorge Ch\u00e1nez, para concretar esta mejora que hoy impacta de forma positiva a toda la comunidad educativa. \u201cCuando se hacen las cosas en equipo, las soluciones llegan. Y en este distrito vamos a seguir demostrando que s\u00ed se puede\u201d, concluy\u00f3<\/p>\n","protected":false},"excerpt":{"rendered":"<p>El diputado local del Distrito 11, Ismael P\u00e9rez Pav\u00eda, dio un paso m\u00e1s en su compromiso con la educaci\u00f3n, al lograr la mejora de los accesos a la Escuela Secundaria T\u00e9cnica No. 21 en la comunidad de L\u00e1zaro C\u00e1rdenas, Meoqui. El acceso al plantel fue rehabilitado con material fresado, permitiendo a estudiantes y docentes transitar con mayor seguridad y dignidad. Esta acci\u00f3n, aunque sencilla a los ojos de algunos, representa un cambio importante para quienes viven el d\u00eda a d\u00eda escolar. \u201cUna mejor escuela hace una gran diferencia. No se trata solo de arreglar un camino, sino de demostrarle a nuestras ni\u00f1as, ni\u00f1os y j\u00f3venes que su educaci\u00f3n nos importa, que estamos con ellos y que s\u00ed se pueden hacer las cosas bien\u201d, expres\u00f3 P\u00e9rez Pav\u00eda. El legislador reconoci\u00f3 el respaldo de la gobernadora Maru Campos, as\u00ed como la voluntad del secretario Jorge Ch\u00e1nez, para concretar esta mejora que hoy impacta de forma positiva a toda la comunidad educativa. \u201cCuando se hacen las cosas en equipo, las soluciones llegan. Y en este distrito vamos a seguir demostrando que s\u00ed se puede\u201d, concluy\u00f3<\/p>\n","protected":false},"author":2,"featured_media":15829,"comment_status":"open","ping_status":"open","sticky":false,"template":"","format":"standard","meta":{"_monsterinsights_skip_tracking":false,"_monsterinsights_sitenote_active":false,"_monsterinsights_sitenote_note":"","_monsterinsights_sitenote_category":0,"advanced_seo_description":"","jetpack_seo_html_title":"","jetpack_seo_noindex":false,"_jetpack_memberships_contains_paid_content":false,"footnotes":"","jetpack_publicize_message":"","jetpack_publicize_feature_enabled":true,"jetpack_social_post_already_shared":true,"jetpack_social_options":{"image_generator_settings":{"template":"highway","enabled":false},"version":2}},"categories":[135,7,11],"tags":[],"class_list":["post-15828","post","type-post","status-publish","format-standard","has-post-thumbnail","hentry","category-lo-mas-leido","category-local","category-principal"],"jetpack_publicize_connections":[],"jetpack_sharing_enabled":true,"jetpack_featured_media_url":"https:\/\/i0.wp.com\/alcierrenoticias.com\/wp-content\/uploads\/2025\/06\/WhatsApp-Image-2025-06-23-at-11.34.12-AM.jpeg?fit=1600%2C1069&ssl=1","amp_enabled":true,"_links":{"self":[{"href":"https:\/\/alcierrenoticias.com\/index.php\/wp-json\/wp\/v2\/posts\/15828","targetHints":{"allow":["GET"]}}],"collection":[{"href":"https:\/\/alcierrenoticias.com\/index.php\/wp-json\/wp\/v2\/posts"}],"about":[{"href":"https:\/\/alcierrenoticias.com\/index.php\/wp-json\/wp\/v2\/types\/post"}],"author":[{"embeddable":true,"href":"https:\/\/alcierrenoticias.com\/index.php\/wp-json\/wp\/v2\/users\/2"}],"replies":[{"embeddable":true,"href":"https:\/\/alcierrenoticias.com\/index.php\/wp-json\/wp\/v2\/comments?post=15828"}],"version-history":[{"count":1,"href":"https:\/\/alcierrenoticias.com\/index.php\/wp-json\/wp\/v2\/posts\/15828\/revisions"}],"predecessor-version":[{"id":15830,"href":"https:\/\/alcierrenoticias.com\/index.php\/wp-json\/wp\/v2\/posts\/15828\/revisions\/15830"}],"wp:featuredmedia":[{"embeddable":true,"href":"https:\/\/alcierrenoticias.com\/index.php\/wp-json\/wp\/v2\/media\/15829"}],"wp:attachment":[{"href":"https:\/\/alcierrenoticias.com\/index.php\/wp-json\/wp\/v2\/media?parent=15828"}],"wp:term":[{"taxonomy":"category","embeddable":true,"href":"https:\/\/alcierrenoticias.com\/index.php\/wp-json\/wp\/v2\/categories?post=15828"},{"taxonomy":"post_tag","embeddable":true,"href":"https:\/\/alcierrenoticias.com\/index.php\/wp-json\/wp\/v2\/tags?post=15828"}],"curies":[{"name":"wp","href":"https:\/\/api.w.org\/{rel}","templated":true}]}}