{"id":15816,"date":"2025-06-22T20:00:41","date_gmt":"2025-06-23T02:00:41","guid":{"rendered":"https:\/\/alcierrenoticias.com\/?p=15816"},"modified":"2025-06-23T14:03:26","modified_gmt":"2025-06-23T20:03:26","slug":"encabeza-miriam-soto-conformacion-del-1er-grupo-de-la-tercera-edad-en-san-lucas","status":"publish","type":"post","link":"https:\/\/alcierrenoticias.com\/index.php\/2025\/06\/22\/encabeza-miriam-soto-conformacion-del-1er-grupo-de-la-tercera-edad-en-san-lucas\/","title":{"rendered":"Encabeza Miriam Soto conformaci\u00f3n del 1er Grupo de la Tercera Edad en San Lucas"},"content":{"rendered":"<p>El grupo \u201cGeneraci\u00f3n de Plata\u201d es el noveno conformado en Meoqui<\/p>\n<p>\u201cQueremos que nuestros adultos mayores se sigan sintiendo parte de la comunidad. Que se re\u00fanan, convivan, aprendan y tambi\u00e9n disfruten. Ellos han dado mucho por sus familias y ahora nos toca a nosotros reconocer su esfuerzo y acompa\u00f1arlos\u201d, as\u00ed lo dijo la alcaldesa Miriam Soto, tras tomar protesta a la presidenta y miembros del grupo de la tercera edad \u201cGeneraci\u00f3n de Plata\u201d, destacando el esp\u00edritu solidario y unido que caracteriza a la comunidad de San Lucas.<\/p>\n<p>Por su parte, Ang\u00e9lica Mar\u00eda Barco Garc\u00eda, presidenta del grupo reci\u00e9n conformado, comparti\u00f3 que la iniciativa naci\u00f3 de la necesidad de brindar un espacio de convivencia a las personas mayores que se encuentran en situaci\u00f3n de abandono o soledad: \u201cM\u00e1s que nada lo hicimos para que tengan distracci\u00f3n, que se re\u00fanan al menos una vez por semana y cambien su estado de \u00e1nimo. Que no se sientan abandonados\u201d agradeci\u00f3 tambi\u00e9n el acompa\u00f1amiento de la alcaldesa y los regidores durante la conformaci\u00f3n del grupo. \u201cNos sentimos apoyados, sabemos que no estamos solos y vamos a seguir adelante. Invitamos a todos los que quieran unirse a que se acerquen, aqu\u00ed estamos para ayudarlos\u201d, concluy\u00f3.<\/p>\n<p>\u201cPara nosotros no es un evento m\u00e1s, es la consolidaci\u00f3n de un grupo con mucho coraz\u00f3n y compromiso. San Lucas, como muchas otras comunidades, ha demostrado su organizaci\u00f3n y ganas de participar. Hoy, m\u00e1s de 30 personas se unen con entusiasmo a esta nueva etapa\u201d, concluy\u00f3 la alcaldesa Miriam Soto.<\/p>\n","protected":false},"excerpt":{"rendered":"<p>El grupo \u201cGeneraci\u00f3n de Plata\u201d es el noveno conformado en Meoqui \u201cQueremos que nuestros adultos mayores se sigan sintiendo parte de la comunidad. Que se re\u00fanan, convivan, aprendan y tambi\u00e9n disfruten. Ellos han dado mucho por sus familias y ahora nos toca a nosotros reconocer su esfuerzo y acompa\u00f1arlos\u201d, as\u00ed lo dijo la alcaldesa Miriam Soto, tras tomar protesta a la presidenta y miembros del grupo de la tercera edad \u201cGeneraci\u00f3n de Plata\u201d, destacando el esp\u00edritu solidario y unido que caracteriza a la comunidad de San Lucas. Por su parte, Ang\u00e9lica Mar\u00eda Barco Garc\u00eda, presidenta del grupo reci\u00e9n conformado, comparti\u00f3 que la iniciativa naci\u00f3 de la necesidad de brindar un espacio de convivencia a las personas mayores que se encuentran en situaci\u00f3n de abandono o soledad: \u201cM\u00e1s que nada lo hicimos para que tengan distracci\u00f3n, que se re\u00fanan al menos una vez por semana y cambien su estado de \u00e1nimo. Que no se sientan abandonados\u201d agradeci\u00f3 tambi\u00e9n el acompa\u00f1amiento de la alcaldesa y los regidores durante la conformaci\u00f3n del grupo. \u201cNos sentimos apoyados, sabemos que no estamos solos y vamos a seguir adelante. Invitamos a todos los que quieran unirse a que se acerquen, aqu\u00ed estamos para ayudarlos\u201d, concluy\u00f3. \u201cPara nosotros no es un evento m\u00e1s, es la consolidaci\u00f3n de un grupo con mucho coraz\u00f3n y compromiso. San Lucas, como muchas otras comunidades, ha demostrado su organizaci\u00f3n y ganas de participar. Hoy, m\u00e1s de 30 personas se unen con entusiasmo a esta nueva etapa\u201d, concluy\u00f3 la alcaldesa Miriam Soto.<\/p>\n","protected":false},"author":2,"featured_media":15817,"comment_status":"open","ping_status":"open","sticky":false,"template":"","format":"standard","meta":{"_monsterinsights_skip_tracking":false,"_monsterinsights_sitenote_active":false,"_monsterinsights_sitenote_note":"","_monsterinsights_sitenote_category":0,"advanced_seo_description":"","jetpack_seo_html_title":"","jetpack_seo_noindex":false,"_jetpack_memberships_contains_paid_content":false,"footnotes":"","jetpack_publicize_message":"","jetpack_publicize_feature_enabled":true,"jetpack_social_post_already_shared":true,"jetpack_social_options":{"image_generator_settings":{"template":"highway","enabled":false},"version":2}},"categories":[135,7,11],"tags":[],"class_list":["post-15816","post","type-post","status-publish","format-standard","has-post-thumbnail","hentry","category-lo-mas-leido","category-local","category-principal"],"jetpack_publicize_connections":[],"jetpack_sharing_enabled":true,"jetpack_featured_media_url":"https:\/\/i0.wp.com\/alcierrenoticias.com\/wp-content\/uploads\/2025\/06\/WhatsApp-Image-2025-06-22-at-7.51.59-PM.jpeg?fit=1280%2C853&ssl=1","amp_enabled":true,"_links":{"self":[{"href":"https:\/\/alcierrenoticias.com\/index.php\/wp-json\/wp\/v2\/posts\/15816","targetHints":{"allow":["GET"]}}],"collection":[{"href":"https:\/\/alcierrenoticias.com\/index.php\/wp-json\/wp\/v2\/posts"}],"about":[{"href":"https:\/\/alcierrenoticias.com\/index.php\/wp-json\/wp\/v2\/types\/post"}],"author":[{"embeddable":true,"href":"https:\/\/alcierrenoticias.com\/index.php\/wp-json\/wp\/v2\/users\/2"}],"replies":[{"embeddable":true,"href":"https:\/\/alcierrenoticias.com\/index.php\/wp-json\/wp\/v2\/comments?post=15816"}],"version-history":[{"count":2,"href":"https:\/\/alcierrenoticias.com\/index.php\/wp-json\/wp\/v2\/posts\/15816\/revisions"}],"predecessor-version":[{"id":15819,"href":"https:\/\/alcierrenoticias.com\/index.php\/wp-json\/wp\/v2\/posts\/15816\/revisions\/15819"}],"wp:featuredmedia":[{"embeddable":true,"href":"https:\/\/alcierrenoticias.com\/index.php\/wp-json\/wp\/v2\/media\/15817"}],"wp:attachment":[{"href":"https:\/\/alcierrenoticias.com\/index.php\/wp-json\/wp\/v2\/media?parent=15816"}],"wp:term":[{"taxonomy":"category","embeddable":true,"href":"https:\/\/alcierrenoticias.com\/index.php\/wp-json\/wp\/v2\/categories?post=15816"},{"taxonomy":"post_tag","embeddable":true,"href":"https:\/\/alcierrenoticias.com\/index.php\/wp-json\/wp\/v2\/tags?post=15816"}],"curies":[{"name":"wp","href":"https:\/\/api.w.org\/{rel}","templated":true}]}}