{"id":15812,"date":"2025-06-22T16:30:26","date_gmt":"2025-06-22T22:30:26","guid":{"rendered":"https:\/\/alcierrenoticias.com\/?p=15812"},"modified":"2025-06-23T13:57:18","modified_gmt":"2025-06-23T19:57:18","slug":"enaltece-compania-folklorica-municipal-el-nombre-de-delicias-en-encuentro-nacional-de-danza","status":"publish","type":"post","link":"https:\/\/alcierrenoticias.com\/index.php\/2025\/06\/22\/enaltece-compania-folklorica-municipal-el-nombre-de-delicias-en-encuentro-nacional-de-danza\/","title":{"rendered":"Enaltece Compa\u00f1\u00eda Folkl\u00f3rica Municipal el nombre de Delicias en Encuentro Nacional de Danza."},"content":{"rendered":"<p>La Compa\u00f1\u00eda Folkl\u00f3rica Municipal de Delicias, bajo la direcci\u00f3n del profesor Juan Ortiz, puso en alto el nombre de la ciudad durante su destacada participaci\u00f3n en el 2.\u00ba Encuentro Nacional de Danza Folkl\u00f3rica \u201cDi\u00e1logos con la danza\u201d, celebrado en Irapuato, Guanajuato.<\/p>\n<p>Gracias al compromiso, disciplina y talento de sus integrantes, la compa\u00f1\u00eda comparti\u00f3 escenario con agrupaciones de alto nivel provenientes de diversos estados como Jalisco, Hidalgo, Yucat\u00e1n y Chihuahua, mostrando el profesionalismo y calidad art\u00edstica que caracteriza al grupo municipal. \u201cFueron d\u00edas llenos de color, tradici\u00f3n y talento\u201d, expres\u00f3 el profesor Juan Ortiz al referirse a la experiencia.<\/p>\n<p>Durante el encuentro, m\u00e1s de 400 bailarines de todo el pa\u00eds ofrecieron al p\u00fablico lo mejor de las tradiciones mexicanas a trav\u00e9s de la danza. Un aspecto que llen\u00f3 de orgullo a la delegaci\u00f3n de Delicias fue la participaci\u00f3n de su cuadro infantil, compuesto por ni\u00f1as y ni\u00f1os de entre 8 y 10 a\u00f1os, quienes conquistaron al p\u00fablico con su alegr\u00eda, disciplina y carisma, siendo la \u00fanica compa\u00f1\u00eda en presentar una muestra de danza folkl\u00f3rica infantil.<\/p>\n<p>El profesor Juan Ortiz resalt\u00f3 tambi\u00e9n la importancia de estos espacios para fortalecer los lazos culturales entre agrupaciones de diferentes entidades y reafirmar el compromiso de la Compa\u00f1\u00eda Folkl\u00f3rica Municipal con la formaci\u00f3n de nuevas generaciones. \u201cPoder incluir a nuestros peque\u00f1os es un mensaje claro de que la danza folkl\u00f3rica vive y se fortalece desde la infancia\u201d, afirm\u00f3.<\/p>\n<p>Con el reconocimiento del p\u00fablico y la satisfacci\u00f3n de haber representado a Delicias dignamente, la Compa\u00f1\u00eda Folkl\u00f3rica Municipal continuar\u00e1 su agenda de presentaciones locales y ya se prepara para futuros encuentros nacionales, manteniendo firme su misi\u00f3n de preservar y difundir las tradiciones culturales de nuestra tierra.<\/p>\n","protected":false},"excerpt":{"rendered":"<p>La Compa\u00f1\u00eda Folkl\u00f3rica Municipal de Delicias, bajo la direcci\u00f3n del profesor Juan Ortiz, puso en alto el nombre de la ciudad durante su destacada participaci\u00f3n en el 2.\u00ba Encuentro Nacional de Danza Folkl\u00f3rica \u201cDi\u00e1logos con la danza\u201d, celebrado en Irapuato, Guanajuato. Gracias al compromiso, disciplina y talento de sus integrantes, la compa\u00f1\u00eda comparti\u00f3 escenario con agrupaciones de alto nivel provenientes de diversos estados como Jalisco, Hidalgo, Yucat\u00e1n y Chihuahua, mostrando el profesionalismo y calidad art\u00edstica que caracteriza al grupo municipal. \u201cFueron d\u00edas llenos de color, tradici\u00f3n y talento\u201d, expres\u00f3 el profesor Juan Ortiz al referirse a la experiencia. Durante el encuentro, m\u00e1s de 400 bailarines de todo el pa\u00eds ofrecieron al p\u00fablico lo mejor de las tradiciones mexicanas a trav\u00e9s de la danza. Un aspecto que llen\u00f3 de orgullo a la delegaci\u00f3n de Delicias fue la participaci\u00f3n de su cuadro infantil, compuesto por ni\u00f1as y ni\u00f1os de entre 8 y 10 a\u00f1os, quienes conquistaron al p\u00fablico con su alegr\u00eda, disciplina y carisma, siendo la \u00fanica compa\u00f1\u00eda en presentar una muestra de danza folkl\u00f3rica infantil. El profesor Juan Ortiz resalt\u00f3 tambi\u00e9n la importancia de estos espacios para fortalecer los lazos culturales entre agrupaciones de diferentes entidades y reafirmar el compromiso de la Compa\u00f1\u00eda Folkl\u00f3rica Municipal con la formaci\u00f3n de nuevas generaciones. \u201cPoder incluir a nuestros peque\u00f1os es un mensaje claro de que la danza folkl\u00f3rica vive y se fortalece desde la infancia\u201d, afirm\u00f3. Con el reconocimiento del p\u00fablico y la satisfacci\u00f3n de haber representado a Delicias dignamente, la Compa\u00f1\u00eda Folkl\u00f3rica Municipal continuar\u00e1 su agenda de presentaciones locales y ya se prepara para futuros encuentros nacionales, manteniendo firme su misi\u00f3n de preservar y difundir las tradiciones culturales de nuestra tierra.<\/p>\n","protected":false},"author":2,"featured_media":15813,"comment_status":"open","ping_status":"open","sticky":false,"template":"","format":"standard","meta":{"_monsterinsights_skip_tracking":false,"_monsterinsights_sitenote_active":false,"_monsterinsights_sitenote_note":"","_monsterinsights_sitenote_category":0,"advanced_seo_description":"","jetpack_seo_html_title":"","jetpack_seo_noindex":false,"_jetpack_memberships_contains_paid_content":false,"footnotes":"","jetpack_publicize_message":"","jetpack_publicize_feature_enabled":true,"jetpack_social_post_already_shared":true,"jetpack_social_options":{"image_generator_settings":{"template":"highway","enabled":false},"version":2}},"categories":[135,7,11],"tags":[],"class_list":["post-15812","post","type-post","status-publish","format-standard","has-post-thumbnail","hentry","category-lo-mas-leido","category-local","category-principal"],"jetpack_publicize_connections":[],"jetpack_sharing_enabled":true,"jetpack_featured_media_url":"https:\/\/i0.wp.com\/alcierrenoticias.com\/wp-content\/uploads\/2025\/06\/WhatsApp-Image-2025-06-22-at-4.13.15-PM.jpeg?fit=1599%2C899&ssl=1","amp_enabled":true,"_links":{"self":[{"href":"https:\/\/alcierrenoticias.com\/index.php\/wp-json\/wp\/v2\/posts\/15812","targetHints":{"allow":["GET"]}}],"collection":[{"href":"https:\/\/alcierrenoticias.com\/index.php\/wp-json\/wp\/v2\/posts"}],"about":[{"href":"https:\/\/alcierrenoticias.com\/index.php\/wp-json\/wp\/v2\/types\/post"}],"author":[{"embeddable":true,"href":"https:\/\/alcierrenoticias.com\/index.php\/wp-json\/wp\/v2\/users\/2"}],"replies":[{"embeddable":true,"href":"https:\/\/alcierrenoticias.com\/index.php\/wp-json\/wp\/v2\/comments?post=15812"}],"version-history":[{"count":2,"href":"https:\/\/alcierrenoticias.com\/index.php\/wp-json\/wp\/v2\/posts\/15812\/revisions"}],"predecessor-version":[{"id":15815,"href":"https:\/\/alcierrenoticias.com\/index.php\/wp-json\/wp\/v2\/posts\/15812\/revisions\/15815"}],"wp:featuredmedia":[{"embeddable":true,"href":"https:\/\/alcierrenoticias.com\/index.php\/wp-json\/wp\/v2\/media\/15813"}],"wp:attachment":[{"href":"https:\/\/alcierrenoticias.com\/index.php\/wp-json\/wp\/v2\/media?parent=15812"}],"wp:term":[{"taxonomy":"category","embeddable":true,"href":"https:\/\/alcierrenoticias.com\/index.php\/wp-json\/wp\/v2\/categories?post=15812"},{"taxonomy":"post_tag","embeddable":true,"href":"https:\/\/alcierrenoticias.com\/index.php\/wp-json\/wp\/v2\/tags?post=15812"}],"curies":[{"name":"wp","href":"https:\/\/api.w.org\/{rel}","templated":true}]}}