{"id":15804,"date":"2025-06-21T15:50:18","date_gmt":"2025-06-21T21:50:18","guid":{"rendered":"https:\/\/alcierrenoticias.com\/?p=15804"},"modified":"2025-06-21T17:00:39","modified_gmt":"2025-06-21T23:00:39","slug":"avistan-en-el-vado-de-meoqui-a-gaviota-californiana-y-playero-rabadilla-blanca-por-primera-vez-en-el-estado","status":"publish","type":"post","link":"https:\/\/alcierrenoticias.com\/index.php\/2025\/06\/21\/avistan-en-el-vado-de-meoqui-a-gaviota-californiana-y-playero-rabadilla-blanca-por-primera-vez-en-el-estado\/","title":{"rendered":"Avistan en el vado de Meoqui a Gaviota Californiana y Playero Rabadilla Blanca, por primera vez en el estado."},"content":{"rendered":"<p>Invitan a recorridos por el Rio San Pedro para observar aves los d\u00edas domingo<\/p>\n<p>El Vado de Meoqui contin\u00faa sorprendiendo a la comunidad cient\u00edfica y a los observadores de aves con registros inusuales que reafirman su valor ecol\u00f3gico como Sitio RAMSAR 2047. Durante un recorrido realizado por un grupo de observadores, liderado por Joachim Bertrands y Ren\u00e9 Vald\u00e9s, se report\u00f3 el primer avistamiento confirmado en Chihuahua del playero rabadilla blanca (Calidris fuscicollis), una especie de ave migratoria poco com\u00fan en la regi\u00f3n, as\u00ed mismo durante el Conteo Mundial de Aves, celebrado el pasado 10 de mayo se registr\u00f3 el avistamiento de una gaviota californiana (Larus californicus)<\/p>\n<p>El hallazgo fue confirmado por ocho observadores, quienes lograron ver con claridad la caracter\u00edstica rabadilla blanca del ave, lo que elimin\u00f3 dudas sobre su identificaci\u00f3n. &#8220;El Vado sigue dando agradables sorpresas&#8221;, se\u00f1alaron los participantes del recorrido.<\/p>\n<p>El avistamiento fue destacado de avistamiento de la gaviota californiana fue por Fernando Mondaca Fern\u00e1ndez, responsable del Programa de Aves Urbanas del Centro Sur Chihuahua para CONABIO. \u201cProbablemente no se ha registrado m\u00e1s de diez veces en el estado de Chihuahua. Esta regi\u00f3n es extensa y cuenta con pocos observadores activos\u201d, explic\u00f3.<\/p>\n<p>Asimismo, a\u00f1adi\u00f3 que, como parte del impulso a la educaci\u00f3n ambiental y ciencia ciudadana, a partir de junio se organizar\u00e1n caminatas quincenales los domingos de 8 a 9 de la ma\u00f1ana en el Vado de Meoqui. Estas actividades incluir\u00e1n identificaci\u00f3n de aves, uso de herramientas digitales, actividades infantiles y sesiones especiales, como caminatas nocturnas.<\/p>\n<p>\u201cEl objetivo es acercar a la poblaci\u00f3n al conocimiento y conservaci\u00f3n de las aves urbanas, promoviendo una cultura de respeto y cuidado por el entorno natural\u201d, concluy\u00f3.<\/p>\n","protected":false},"excerpt":{"rendered":"<p>Invitan a recorridos por el Rio San Pedro para observar aves los d\u00edas domingo El Vado de Meoqui contin\u00faa sorprendiendo a la comunidad cient\u00edfica y a los observadores de aves con registros inusuales que reafirman su valor ecol\u00f3gico como Sitio RAMSAR 2047. Durante un recorrido realizado por un grupo de observadores, liderado por Joachim Bertrands y Ren\u00e9 Vald\u00e9s, se report\u00f3 el primer avistamiento confirmado en Chihuahua del playero rabadilla blanca (Calidris fuscicollis), una especie de ave migratoria poco com\u00fan en la regi\u00f3n, as\u00ed mismo durante el Conteo Mundial de Aves, celebrado el pasado 10 de mayo se registr\u00f3 el avistamiento de una gaviota californiana (Larus californicus) El hallazgo fue confirmado por ocho observadores, quienes lograron ver con claridad la caracter\u00edstica rabadilla blanca del ave, lo que elimin\u00f3 dudas sobre su identificaci\u00f3n. &#8220;El Vado sigue dando agradables sorpresas&#8221;, se\u00f1alaron los participantes del recorrido. El avistamiento fue destacado de avistamiento de la gaviota californiana fue por Fernando Mondaca Fern\u00e1ndez, responsable del Programa de Aves Urbanas del Centro Sur Chihuahua para CONABIO. \u201cProbablemente no se ha registrado m\u00e1s de diez veces en el estado de Chihuahua. Esta regi\u00f3n es extensa y cuenta con pocos observadores activos\u201d, explic\u00f3. Asimismo, a\u00f1adi\u00f3 que, como parte del impulso a la educaci\u00f3n ambiental y ciencia ciudadana, a partir de junio se organizar\u00e1n caminatas quincenales los domingos de 8 a 9 de la ma\u00f1ana en el Vado de Meoqui. Estas actividades incluir\u00e1n identificaci\u00f3n de aves, uso de herramientas digitales, actividades infantiles y sesiones especiales, como caminatas nocturnas. \u201cEl objetivo es acercar a la poblaci\u00f3n al conocimiento y conservaci\u00f3n de las aves urbanas, promoviendo una cultura de respeto y cuidado por el entorno natural\u201d, concluy\u00f3.<\/p>\n","protected":false},"author":2,"featured_media":15805,"comment_status":"open","ping_status":"open","sticky":false,"template":"","format":"standard","meta":{"_monsterinsights_skip_tracking":false,"_monsterinsights_sitenote_active":false,"_monsterinsights_sitenote_note":"","_monsterinsights_sitenote_category":0,"advanced_seo_description":"","jetpack_seo_html_title":"","jetpack_seo_noindex":false,"_jetpack_memberships_contains_paid_content":false,"footnotes":"","jetpack_publicize_message":"","jetpack_publicize_feature_enabled":true,"jetpack_social_post_already_shared":true,"jetpack_social_options":{"image_generator_settings":{"template":"highway","enabled":false},"version":2}},"categories":[135,7,11],"tags":[],"class_list":["post-15804","post","type-post","status-publish","format-standard","has-post-thumbnail","hentry","category-lo-mas-leido","category-local","category-principal"],"jetpack_publicize_connections":[],"jetpack_sharing_enabled":true,"jetpack_featured_media_url":"https:\/\/i0.wp.com\/alcierrenoticias.com\/wp-content\/uploads\/2025\/06\/WhatsApp-Image-2025-06-21-at-3.49.44-PM-e1750546817454.jpeg?fit=1200%2C843&ssl=1","amp_enabled":true,"_links":{"self":[{"href":"https:\/\/alcierrenoticias.com\/index.php\/wp-json\/wp\/v2\/posts\/15804","targetHints":{"allow":["GET"]}}],"collection":[{"href":"https:\/\/alcierrenoticias.com\/index.php\/wp-json\/wp\/v2\/posts"}],"about":[{"href":"https:\/\/alcierrenoticias.com\/index.php\/wp-json\/wp\/v2\/types\/post"}],"author":[{"embeddable":true,"href":"https:\/\/alcierrenoticias.com\/index.php\/wp-json\/wp\/v2\/users\/2"}],"replies":[{"embeddable":true,"href":"https:\/\/alcierrenoticias.com\/index.php\/wp-json\/wp\/v2\/comments?post=15804"}],"version-history":[{"count":2,"href":"https:\/\/alcierrenoticias.com\/index.php\/wp-json\/wp\/v2\/posts\/15804\/revisions"}],"predecessor-version":[{"id":15807,"href":"https:\/\/alcierrenoticias.com\/index.php\/wp-json\/wp\/v2\/posts\/15804\/revisions\/15807"}],"wp:featuredmedia":[{"embeddable":true,"href":"https:\/\/alcierrenoticias.com\/index.php\/wp-json\/wp\/v2\/media\/15805"}],"wp:attachment":[{"href":"https:\/\/alcierrenoticias.com\/index.php\/wp-json\/wp\/v2\/media?parent=15804"}],"wp:term":[{"taxonomy":"category","embeddable":true,"href":"https:\/\/alcierrenoticias.com\/index.php\/wp-json\/wp\/v2\/categories?post=15804"},{"taxonomy":"post_tag","embeddable":true,"href":"https:\/\/alcierrenoticias.com\/index.php\/wp-json\/wp\/v2\/tags?post=15804"}],"curies":[{"name":"wp","href":"https:\/\/api.w.org\/{rel}","templated":true}]}}