{"id":15800,"date":"2025-06-21T16:57:51","date_gmt":"2025-06-21T22:57:51","guid":{"rendered":"https:\/\/alcierrenoticias.com\/?p=15800"},"modified":"2025-06-21T16:57:51","modified_gmt":"2025-06-21T22:57:51","slug":"impulsa-delicias-capacitacion-turistica-con-exitoso-taller-para-camaristas","status":"publish","type":"post","link":"https:\/\/alcierrenoticias.com\/index.php\/2025\/06\/21\/impulsa-delicias-capacitacion-turistica-con-exitoso-taller-para-camaristas\/","title":{"rendered":"Impulsa Delicias capacitaci\u00f3n tur\u00edstica con exitoso taller para camaristas."},"content":{"rendered":"<p>Con una destacada participaci\u00f3n del personal de diversos hoteles del municipio, se llev\u00f3 a cabo el taller para camaristas, organizado por la Secretar\u00eda de Turismo del Estado en coordinaci\u00f3n con el Instituto de Desarrollo Econ\u00f3mico y Agropecuario (IDEA). El evento tuvo lugar en las instalaciones del Hotel Comfort, donde se reunieron trabajadores del sector hotelero interesados en mejorar sus habilidades y fortalecer el servicio al visitante.<\/p>\n<p>La titular del \u00e1rea de Turismo del IDEA, Mara Valenzuela, inform\u00f3 que durante la jornada se abordaron t\u00e9cnicas de limpieza profesional y otros temas clave para el desarrollo del personal de primer contacto. \u201cLa respuesta fue muy positiva, con asistentes mostrando un alto compromiso con su formaci\u00f3n y con el crecimiento del turismo en Delicias\u201d, se\u00f1al\u00f3.<\/p>\n<p>Asimismo, agradeci\u00f3 a los hoteles que se sumaron a la iniciativa y reconoci\u00f3 el entusiasmo de las y los participantes, as\u00ed como el profesionalismo de los ponentes y facilitadores que hicieron posible el encuentro. \u201cEstas acciones demuestran que cuando se invierte en el capital humano, se invierte en el futuro del turismo local\u201d, afirm\u00f3.<\/p>\n<p>El taller forma parte de una estrategia municipal que busca mejorar la calidad del servicio en todos los niveles del sector tur\u00edstico, desde la atenci\u00f3n en hoteles hasta la promoci\u00f3n de experiencias atractivas para los visitantes. Para el municipio de Delicias, la capacitaci\u00f3n continua es una herramienta clave para posicionarse como un destino competitivo y con identidad.<\/p>\n","protected":false},"excerpt":{"rendered":"<p>Con una destacada participaci\u00f3n del personal de diversos hoteles del municipio, se llev\u00f3 a cabo el taller para camaristas, organizado por la Secretar\u00eda de Turismo del Estado en coordinaci\u00f3n con el Instituto de Desarrollo Econ\u00f3mico y Agropecuario (IDEA). El evento tuvo lugar en las instalaciones del Hotel Comfort, donde se reunieron trabajadores del sector hotelero interesados en mejorar sus habilidades y fortalecer el servicio al visitante. La titular del \u00e1rea de Turismo del IDEA, Mara Valenzuela, inform\u00f3 que durante la jornada se abordaron t\u00e9cnicas de limpieza profesional y otros temas clave para el desarrollo del personal de primer contacto. \u201cLa respuesta fue muy positiva, con asistentes mostrando un alto compromiso con su formaci\u00f3n y con el crecimiento del turismo en Delicias\u201d, se\u00f1al\u00f3. Asimismo, agradeci\u00f3 a los hoteles que se sumaron a la iniciativa y reconoci\u00f3 el entusiasmo de las y los participantes, as\u00ed como el profesionalismo de los ponentes y facilitadores que hicieron posible el encuentro. \u201cEstas acciones demuestran que cuando se invierte en el capital humano, se invierte en el futuro del turismo local\u201d, afirm\u00f3. El taller forma parte de una estrategia municipal que busca mejorar la calidad del servicio en todos los niveles del sector tur\u00edstico, desde la atenci\u00f3n en hoteles hasta la promoci\u00f3n de experiencias atractivas para los visitantes. Para el municipio de Delicias, la capacitaci\u00f3n continua es una herramienta clave para posicionarse como un destino competitivo y con identidad.<\/p>\n","protected":false},"author":2,"featured_media":15801,"comment_status":"open","ping_status":"open","sticky":false,"template":"","format":"standard","meta":{"_monsterinsights_skip_tracking":false,"_monsterinsights_sitenote_active":false,"_monsterinsights_sitenote_note":"","_monsterinsights_sitenote_category":0,"advanced_seo_description":"","jetpack_seo_html_title":"","jetpack_seo_noindex":false,"_jetpack_memberships_contains_paid_content":false,"footnotes":"","jetpack_publicize_message":"","jetpack_publicize_feature_enabled":true,"jetpack_social_post_already_shared":true,"jetpack_social_options":{"image_generator_settings":{"template":"highway","enabled":false},"version":2}},"categories":[135,7,11],"tags":[],"class_list":["post-15800","post","type-post","status-publish","format-standard","has-post-thumbnail","hentry","category-lo-mas-leido","category-local","category-principal"],"jetpack_publicize_connections":[],"jetpack_sharing_enabled":true,"jetpack_featured_media_url":"https:\/\/i0.wp.com\/alcierrenoticias.com\/wp-content\/uploads\/2025\/06\/WhatsApp-Image-2025-06-21-at-1.06.16-PM-scaled-e1750546662123.jpeg?fit=500%2C401&ssl=1","amp_enabled":true,"_links":{"self":[{"href":"https:\/\/alcierrenoticias.com\/index.php\/wp-json\/wp\/v2\/posts\/15800","targetHints":{"allow":["GET"]}}],"collection":[{"href":"https:\/\/alcierrenoticias.com\/index.php\/wp-json\/wp\/v2\/posts"}],"about":[{"href":"https:\/\/alcierrenoticias.com\/index.php\/wp-json\/wp\/v2\/types\/post"}],"author":[{"embeddable":true,"href":"https:\/\/alcierrenoticias.com\/index.php\/wp-json\/wp\/v2\/users\/2"}],"replies":[{"embeddable":true,"href":"https:\/\/alcierrenoticias.com\/index.php\/wp-json\/wp\/v2\/comments?post=15800"}],"version-history":[{"count":2,"href":"https:\/\/alcierrenoticias.com\/index.php\/wp-json\/wp\/v2\/posts\/15800\/revisions"}],"predecessor-version":[{"id":15803,"href":"https:\/\/alcierrenoticias.com\/index.php\/wp-json\/wp\/v2\/posts\/15800\/revisions\/15803"}],"wp:featuredmedia":[{"embeddable":true,"href":"https:\/\/alcierrenoticias.com\/index.php\/wp-json\/wp\/v2\/media\/15801"}],"wp:attachment":[{"href":"https:\/\/alcierrenoticias.com\/index.php\/wp-json\/wp\/v2\/media?parent=15800"}],"wp:term":[{"taxonomy":"category","embeddable":true,"href":"https:\/\/alcierrenoticias.com\/index.php\/wp-json\/wp\/v2\/categories?post=15800"},{"taxonomy":"post_tag","embeddable":true,"href":"https:\/\/alcierrenoticias.com\/index.php\/wp-json\/wp\/v2\/tags?post=15800"}],"curies":[{"name":"wp","href":"https:\/\/api.w.org\/{rel}","templated":true}]}}