{"id":15796,"date":"2025-06-21T10:40:18","date_gmt":"2025-06-21T16:40:18","guid":{"rendered":"https:\/\/alcierrenoticias.com\/?p=15796"},"modified":"2025-06-21T16:54:59","modified_gmt":"2025-06-21T22:54:59","slug":"hoy-gran-presentacion-de-el-yaki-en-la-feria-san-pedro-y-san-pablo-de-meoqui","status":"publish","type":"post","link":"https:\/\/alcierrenoticias.com\/index.php\/2025\/06\/21\/hoy-gran-presentacion-de-el-yaki-en-la-feria-san-pedro-y-san-pablo-de-meoqui\/","title":{"rendered":"Hoy gran presentaci\u00f3n de El Yaki en la Feria San Pedro y San Pablo de Meoqui."},"content":{"rendered":"<p>Se escuchar\u00e1n \u00e9xitos como \u201cDime Para Qu\u00e9\u201d y \u201cNom\u00e1s Este Rey\u201d; abre el escenario Juan Ma, la promesa del regional mexicano<\/p>\n<p>Este s\u00e1bado 21 de junio, Meoqui vivir\u00e1 una de las noches m\u00e1s esperadas dentro de la Feria San Pedro y San Pablo Meoqui 2025, con la presentaci\u00f3n estelar de Luis Alfonso \u201cEl Yaki\u201d, quien llegar\u00e1 al escenario para deleitar al p\u00fablico con sus m\u00e1s grandes \u00e9xitos como \u201cDime Para Qu\u00e9\u201d, \u201cNom\u00e1s Este Rey\u201d, \u201cYa Te Perd\u00ed La Fe\u201d y m\u00e1s.<\/p>\n<p>La noche musical comenzar\u00e1 con el talento de Juan Ma, la promesa del regional mexicano, quien subir\u00e1 al escenario a las 10:30 de la noche para encender el ambiente con su estilo fresco y en\u00e9rgico. Posteriormente, cerca de la medianoche, El Yaki pondr\u00e1 a cantar y bailar a miles de asistentes en un show lleno de emoci\u00f3n y energ\u00eda, los interesados podr\u00e1n adquirir sus boletos de acceso por 200 pesos en taquillas de la Feria y puntos de venta.<\/p>\n<p>Adem\u00e1s de los conciertos, la feria contin\u00faa este domingo con la presentaci\u00f3n del Show Infantil y la presentaci\u00f3n de La Sonora de Sonoras, y el lunes ofreciendo promociones especiales como entradas dos por uno, funciones de circo gratuitas con la compra del boleto de entrada, \u00e1reas gastron\u00f3micas, juegos mec\u00e1nicos, expo de emprendedores \u201cProduciendo con Amor\u201d, actividades infantiles y mucho m\u00e1s.<\/p>\n","protected":false},"excerpt":{"rendered":"<p>Se escuchar\u00e1n \u00e9xitos como \u201cDime Para Qu\u00e9\u201d y \u201cNom\u00e1s Este Rey\u201d; abre el escenario Juan Ma, la promesa del regional mexicano Este s\u00e1bado 21 de junio, Meoqui vivir\u00e1 una de las noches m\u00e1s esperadas dentro de la Feria San Pedro y San Pablo Meoqui 2025, con la presentaci\u00f3n estelar de Luis Alfonso \u201cEl Yaki\u201d, quien llegar\u00e1 al escenario para deleitar al p\u00fablico con sus m\u00e1s grandes \u00e9xitos como \u201cDime Para Qu\u00e9\u201d, \u201cNom\u00e1s Este Rey\u201d, \u201cYa Te Perd\u00ed La Fe\u201d y m\u00e1s. La noche musical comenzar\u00e1 con el talento de Juan Ma, la promesa del regional mexicano, quien subir\u00e1 al escenario a las 10:30 de la noche para encender el ambiente con su estilo fresco y en\u00e9rgico. Posteriormente, cerca de la medianoche, El Yaki pondr\u00e1 a cantar y bailar a miles de asistentes en un show lleno de emoci\u00f3n y energ\u00eda, los interesados podr\u00e1n adquirir sus boletos de acceso por 200 pesos en taquillas de la Feria y puntos de venta. Adem\u00e1s de los conciertos, la feria contin\u00faa este domingo con la presentaci\u00f3n del Show Infantil y la presentaci\u00f3n de La Sonora de Sonoras, y el lunes ofreciendo promociones especiales como entradas dos por uno, funciones de circo gratuitas con la compra del boleto de entrada, \u00e1reas gastron\u00f3micas, juegos mec\u00e1nicos, expo de emprendedores \u201cProduciendo con Amor\u201d, actividades infantiles y mucho m\u00e1s.<\/p>\n","protected":false},"author":2,"featured_media":15797,"comment_status":"open","ping_status":"open","sticky":false,"template":"","format":"standard","meta":{"_monsterinsights_skip_tracking":false,"_monsterinsights_sitenote_active":false,"_monsterinsights_sitenote_note":"","_monsterinsights_sitenote_category":0,"advanced_seo_description":"","jetpack_seo_html_title":"","jetpack_seo_noindex":false,"_jetpack_memberships_contains_paid_content":false,"footnotes":"","jetpack_publicize_message":"","jetpack_publicize_feature_enabled":true,"jetpack_social_post_already_shared":true,"jetpack_social_options":{"image_generator_settings":{"template":"highway","enabled":false},"version":2}},"categories":[135,7,11],"tags":[],"class_list":["post-15796","post","type-post","status-publish","format-standard","has-post-thumbnail","hentry","category-lo-mas-leido","category-local","category-principal"],"jetpack_publicize_connections":[],"jetpack_sharing_enabled":true,"jetpack_featured_media_url":"https:\/\/i0.wp.com\/alcierrenoticias.com\/wp-content\/uploads\/2025\/06\/WhatsApp-Image-2025-06-21-at-10.26.44-AM-e1750546475631.jpeg?fit=500%2C500&ssl=1","amp_enabled":true,"_links":{"self":[{"href":"https:\/\/alcierrenoticias.com\/index.php\/wp-json\/wp\/v2\/posts\/15796","targetHints":{"allow":["GET"]}}],"collection":[{"href":"https:\/\/alcierrenoticias.com\/index.php\/wp-json\/wp\/v2\/posts"}],"about":[{"href":"https:\/\/alcierrenoticias.com\/index.php\/wp-json\/wp\/v2\/types\/post"}],"author":[{"embeddable":true,"href":"https:\/\/alcierrenoticias.com\/index.php\/wp-json\/wp\/v2\/users\/2"}],"replies":[{"embeddable":true,"href":"https:\/\/alcierrenoticias.com\/index.php\/wp-json\/wp\/v2\/comments?post=15796"}],"version-history":[{"count":2,"href":"https:\/\/alcierrenoticias.com\/index.php\/wp-json\/wp\/v2\/posts\/15796\/revisions"}],"predecessor-version":[{"id":15799,"href":"https:\/\/alcierrenoticias.com\/index.php\/wp-json\/wp\/v2\/posts\/15796\/revisions\/15799"}],"wp:featuredmedia":[{"embeddable":true,"href":"https:\/\/alcierrenoticias.com\/index.php\/wp-json\/wp\/v2\/media\/15797"}],"wp:attachment":[{"href":"https:\/\/alcierrenoticias.com\/index.php\/wp-json\/wp\/v2\/media?parent=15796"}],"wp:term":[{"taxonomy":"category","embeddable":true,"href":"https:\/\/alcierrenoticias.com\/index.php\/wp-json\/wp\/v2\/categories?post=15796"},{"taxonomy":"post_tag","embeddable":true,"href":"https:\/\/alcierrenoticias.com\/index.php\/wp-json\/wp\/v2\/tags?post=15796"}],"curies":[{"name":"wp","href":"https:\/\/api.w.org\/{rel}","templated":true}]}}