{"id":15792,"date":"2025-06-20T16:50:20","date_gmt":"2025-06-20T22:50:20","guid":{"rendered":"https:\/\/alcierrenoticias.com\/?p=15792"},"modified":"2025-06-21T16:52:47","modified_gmt":"2025-06-21T22:52:47","slug":"delicias-inician-trabajos-de-rehabilitacion-en-la-avenida-segunda-oriente-este-lunes-23-de-junio","status":"publish","type":"post","link":"https:\/\/alcierrenoticias.com\/index.php\/2025\/06\/20\/delicias-inician-trabajos-de-rehabilitacion-en-la-avenida-segunda-oriente-este-lunes-23-de-junio\/","title":{"rendered":"Delicias: Inician trabajos de rehabilitaci\u00f3n en la avenida Segunda Oriente este lunes 23 de junio."},"content":{"rendered":"<p>La Direcci\u00f3n de Obras P\u00fablicas del municipio de Delicias anunci\u00f3 que este lunes 23 de junio dar\u00e1 inicio la rehabilitaci\u00f3n de la avenida Segunda Oriente, en el tramo comprendido entre la calle Novena y el boulevard G\u00f3mez Mor\u00edn, por lo que se exhorta a la ciudadan\u00eda a tomar rutas alternas y extremar precauciones al circular por la zona.<\/p>\n<p>De acuerdo con el director de Obras P\u00fablicas, Alfonso Rodr\u00edguez, los trabajos consisten en la rehabilitaci\u00f3n completa de la carpeta asf\u00e1ltica. Previamente, el personal ya se encontraba realizando labores preliminares, como la demolici\u00f3n de rampas de concreto, dejando todo listo para comenzar con la intervenci\u00f3n principal.<\/p>\n<p>El funcionario explic\u00f3 que el periodo estimado de trabajo ser\u00e1 de tres a cinco d\u00edas, dependiendo de factores como el clima, aspectos t\u00e9cnicos y disponibilidad de maquinaria. Mientras tanto, se permitir\u00e1 el tr\u00e1nsito local para acceso a fraccionamientos y comercios, aunque habr\u00e1 momentos en los que no se podr\u00e1 circular, particularmente cuando se aplique la nueva carpeta asf\u00e1ltica.<\/p>\n<p>\u201cPedimos paciencia a la ciudadan\u00eda. Sabemos que este tipo de obras generan molestias, pero los beneficios son mucho mayores. Nuestro alcalde Jes\u00fas Valenciano ha sido claro en que este esfuerzo busca mejorar la movilidad y seguridad vial de todos los delicienses\u201d, destac\u00f3 Alfonso Rodr\u00edguez.<\/p>\n<p>Finalmente, se hizo un llamado a respetar los se\u00f1alamientos y bloqueos viales, ya que estos buscan proteger tanto a los trabajadores como a los automovilistas. La rehabilitaci\u00f3n de esta importante arteria forma parte del compromiso del Gobierno Municipal de seguir construyendo infraestructura urbana en beneficio de las familias delicienses.<\/p>\n","protected":false},"excerpt":{"rendered":"<p>La Direcci\u00f3n de Obras P\u00fablicas del municipio de Delicias anunci\u00f3 que este lunes 23 de junio dar\u00e1 inicio la rehabilitaci\u00f3n de la avenida Segunda Oriente, en el tramo comprendido entre la calle Novena y el boulevard G\u00f3mez Mor\u00edn, por lo que se exhorta a la ciudadan\u00eda a tomar rutas alternas y extremar precauciones al circular por la zona. De acuerdo con el director de Obras P\u00fablicas, Alfonso Rodr\u00edguez, los trabajos consisten en la rehabilitaci\u00f3n completa de la carpeta asf\u00e1ltica. Previamente, el personal ya se encontraba realizando labores preliminares, como la demolici\u00f3n de rampas de concreto, dejando todo listo para comenzar con la intervenci\u00f3n principal. El funcionario explic\u00f3 que el periodo estimado de trabajo ser\u00e1 de tres a cinco d\u00edas, dependiendo de factores como el clima, aspectos t\u00e9cnicos y disponibilidad de maquinaria. Mientras tanto, se permitir\u00e1 el tr\u00e1nsito local para acceso a fraccionamientos y comercios, aunque habr\u00e1 momentos en los que no se podr\u00e1 circular, particularmente cuando se aplique la nueva carpeta asf\u00e1ltica. \u201cPedimos paciencia a la ciudadan\u00eda. Sabemos que este tipo de obras generan molestias, pero los beneficios son mucho mayores. Nuestro alcalde Jes\u00fas Valenciano ha sido claro en que este esfuerzo busca mejorar la movilidad y seguridad vial de todos los delicienses\u201d, destac\u00f3 Alfonso Rodr\u00edguez. Finalmente, se hizo un llamado a respetar los se\u00f1alamientos y bloqueos viales, ya que estos buscan proteger tanto a los trabajadores como a los automovilistas. La rehabilitaci\u00f3n de esta importante arteria forma parte del compromiso del Gobierno Municipal de seguir construyendo infraestructura urbana en beneficio de las familias delicienses.<\/p>\n","protected":false},"author":2,"featured_media":15793,"comment_status":"open","ping_status":"open","sticky":false,"template":"","format":"standard","meta":{"_monsterinsights_skip_tracking":false,"_monsterinsights_sitenote_active":false,"_monsterinsights_sitenote_note":"","_monsterinsights_sitenote_category":0,"advanced_seo_description":"","jetpack_seo_html_title":"","jetpack_seo_noindex":false,"_jetpack_memberships_contains_paid_content":false,"footnotes":"","jetpack_publicize_message":"","jetpack_publicize_feature_enabled":true,"jetpack_social_post_already_shared":true,"jetpack_social_options":{"image_generator_settings":{"template":"highway","enabled":false},"version":2}},"categories":[135,7,11],"tags":[],"class_list":["post-15792","post","type-post","status-publish","format-standard","has-post-thumbnail","hentry","category-lo-mas-leido","category-local","category-principal"],"jetpack_publicize_connections":[],"jetpack_sharing_enabled":true,"jetpack_featured_media_url":"https:\/\/i0.wp.com\/alcierrenoticias.com\/wp-content\/uploads\/2025\/06\/WhatsApp-Image-2025-06-20-at-11.04.50-PM-scaled.jpeg?fit=2560%2C1707&ssl=1","amp_enabled":true,"_links":{"self":[{"href":"https:\/\/alcierrenoticias.com\/index.php\/wp-json\/wp\/v2\/posts\/15792","targetHints":{"allow":["GET"]}}],"collection":[{"href":"https:\/\/alcierrenoticias.com\/index.php\/wp-json\/wp\/v2\/posts"}],"about":[{"href":"https:\/\/alcierrenoticias.com\/index.php\/wp-json\/wp\/v2\/types\/post"}],"author":[{"embeddable":true,"href":"https:\/\/alcierrenoticias.com\/index.php\/wp-json\/wp\/v2\/users\/2"}],"replies":[{"embeddable":true,"href":"https:\/\/alcierrenoticias.com\/index.php\/wp-json\/wp\/v2\/comments?post=15792"}],"version-history":[{"count":2,"href":"https:\/\/alcierrenoticias.com\/index.php\/wp-json\/wp\/v2\/posts\/15792\/revisions"}],"predecessor-version":[{"id":15795,"href":"https:\/\/alcierrenoticias.com\/index.php\/wp-json\/wp\/v2\/posts\/15792\/revisions\/15795"}],"wp:featuredmedia":[{"embeddable":true,"href":"https:\/\/alcierrenoticias.com\/index.php\/wp-json\/wp\/v2\/media\/15793"}],"wp:attachment":[{"href":"https:\/\/alcierrenoticias.com\/index.php\/wp-json\/wp\/v2\/media?parent=15792"}],"wp:term":[{"taxonomy":"category","embeddable":true,"href":"https:\/\/alcierrenoticias.com\/index.php\/wp-json\/wp\/v2\/categories?post=15792"},{"taxonomy":"post_tag","embeddable":true,"href":"https:\/\/alcierrenoticias.com\/index.php\/wp-json\/wp\/v2\/tags?post=15792"}],"curies":[{"name":"wp","href":"https:\/\/api.w.org\/{rel}","templated":true}]}}