{"id":15766,"date":"2025-06-19T20:39:57","date_gmt":"2025-06-20T02:39:57","guid":{"rendered":"https:\/\/alcierrenoticias.com\/?p=15766"},"modified":"2025-06-20T13:48:47","modified_gmt":"2025-06-20T19:48:47","slug":"reconocen-administracion-de-jorge-aldana-inversion-en-seguridad-publica-es-reflejo-de-finanzas-sanas-y-compromiso-por-la-seguridad","status":"publish","type":"post","link":"https:\/\/alcierrenoticias.com\/index.php\/2025\/06\/19\/reconocen-administracion-de-jorge-aldana-inversion-en-seguridad-publica-es-reflejo-de-finanzas-sanas-y-compromiso-por-la-seguridad\/","title":{"rendered":"Reconocen administraci\u00f3n de Jorge Aldana: inversi\u00f3n en seguridad p\u00fablica es reflejo de finanzas sanas y compromiso por la seguridad."},"content":{"rendered":"<p>La administraci\u00f3n municipal que encabeza el presidente Jorge Aldana fue reconocida por el Gobierno del Estado, a trav\u00e9s de la Secretar\u00eda de Seguridad P\u00fablica, por su destacada inversi\u00f3n en el fortalecimiento de la seguridad p\u00fablica en Camargo, una acci\u00f3n que refleja tanto su compromiso con la ciudadan\u00eda como el manejo responsable y transparente de las finanzas municipales.<\/p>\n<p>Con una inversi\u00f3n superior a los 6 millones de pesos, 100% municipal, se adquirieron 8 nuevas unidades vehiculares que se integran al parque vehicular de las corporaciones de seguridad. De estas unidades, 5 ser\u00e1n destinadas a la Direcci\u00f3n de Seguridad P\u00fablica y 3 a la Direcci\u00f3n de Vialidad, reforzando as\u00ed las capacidades operativas de ambas \u00e1reas.<\/p>\n<p>El presidente Jorge Aldana se\u00f1al\u00f3 que esta inversi\u00f3n responde a la prioridad de brindar a los elementos m\u00e1s y mejores herramientas para desempe\u00f1ar su labor, y garantizar a las y los camarguenses un entorno m\u00e1s seguro. Asimismo, destac\u00f3 que la solidez financiera del municipio ha permitido realizar acciones como esta, que impactan directamente en el bienestar de la comunidad.<\/p>\n<p>El reconocimiento por parte del Gobierno del Estado reafirma la coordinaci\u00f3n entre los distintos niveles de gobierno y la importancia de invertir en infraestructura y equipamiento para las corporaciones de seguridad.<\/p>\n","protected":false},"excerpt":{"rendered":"<p>La administraci\u00f3n municipal que encabeza el presidente Jorge Aldana fue reconocida por el Gobierno del Estado, a trav\u00e9s de la Secretar\u00eda de Seguridad P\u00fablica, por su destacada inversi\u00f3n en el fortalecimiento de la seguridad p\u00fablica en Camargo, una acci\u00f3n que refleja tanto su compromiso con la ciudadan\u00eda como el manejo responsable y transparente de las finanzas municipales. Con una inversi\u00f3n superior a los 6 millones de pesos, 100% municipal, se adquirieron 8 nuevas unidades vehiculares que se integran al parque vehicular de las corporaciones de seguridad. De estas unidades, 5 ser\u00e1n destinadas a la Direcci\u00f3n de Seguridad P\u00fablica y 3 a la Direcci\u00f3n de Vialidad, reforzando as\u00ed las capacidades operativas de ambas \u00e1reas. El presidente Jorge Aldana se\u00f1al\u00f3 que esta inversi\u00f3n responde a la prioridad de brindar a los elementos m\u00e1s y mejores herramientas para desempe\u00f1ar su labor, y garantizar a las y los camarguenses un entorno m\u00e1s seguro. Asimismo, destac\u00f3 que la solidez financiera del municipio ha permitido realizar acciones como esta, que impactan directamente en el bienestar de la comunidad. El reconocimiento por parte del Gobierno del Estado reafirma la coordinaci\u00f3n entre los distintos niveles de gobierno y la importancia de invertir en infraestructura y equipamiento para las corporaciones de seguridad.<\/p>\n","protected":false},"author":2,"featured_media":15767,"comment_status":"open","ping_status":"open","sticky":false,"template":"","format":"standard","meta":{"_monsterinsights_skip_tracking":false,"_monsterinsights_sitenote_active":false,"_monsterinsights_sitenote_note":"","_monsterinsights_sitenote_category":0,"advanced_seo_description":"","jetpack_seo_html_title":"","jetpack_seo_noindex":false,"_jetpack_memberships_contains_paid_content":false,"footnotes":"","jetpack_publicize_message":"","jetpack_publicize_feature_enabled":true,"jetpack_social_post_already_shared":true,"jetpack_social_options":{"image_generator_settings":{"template":"highway","enabled":false},"version":2}},"categories":[8,135,11],"tags":[],"class_list":["post-15766","post","type-post","status-publish","format-standard","has-post-thumbnail","hentry","category-estado","category-lo-mas-leido","category-principal"],"jetpack_publicize_connections":[],"jetpack_sharing_enabled":true,"jetpack_featured_media_url":"https:\/\/i0.wp.com\/alcierrenoticias.com\/wp-content\/uploads\/2025\/06\/WhatsApp-Image-2025-06-19-at-9.20.56-PM.jpeg?fit=1600%2C1066&ssl=1","amp_enabled":true,"_links":{"self":[{"href":"https:\/\/alcierrenoticias.com\/index.php\/wp-json\/wp\/v2\/posts\/15766","targetHints":{"allow":["GET"]}}],"collection":[{"href":"https:\/\/alcierrenoticias.com\/index.php\/wp-json\/wp\/v2\/posts"}],"about":[{"href":"https:\/\/alcierrenoticias.com\/index.php\/wp-json\/wp\/v2\/types\/post"}],"author":[{"embeddable":true,"href":"https:\/\/alcierrenoticias.com\/index.php\/wp-json\/wp\/v2\/users\/2"}],"replies":[{"embeddable":true,"href":"https:\/\/alcierrenoticias.com\/index.php\/wp-json\/wp\/v2\/comments?post=15766"}],"version-history":[{"count":2,"href":"https:\/\/alcierrenoticias.com\/index.php\/wp-json\/wp\/v2\/posts\/15766\/revisions"}],"predecessor-version":[{"id":15769,"href":"https:\/\/alcierrenoticias.com\/index.php\/wp-json\/wp\/v2\/posts\/15766\/revisions\/15769"}],"wp:featuredmedia":[{"embeddable":true,"href":"https:\/\/alcierrenoticias.com\/index.php\/wp-json\/wp\/v2\/media\/15767"}],"wp:attachment":[{"href":"https:\/\/alcierrenoticias.com\/index.php\/wp-json\/wp\/v2\/media?parent=15766"}],"wp:term":[{"taxonomy":"category","embeddable":true,"href":"https:\/\/alcierrenoticias.com\/index.php\/wp-json\/wp\/v2\/categories?post=15766"},{"taxonomy":"post_tag","embeddable":true,"href":"https:\/\/alcierrenoticias.com\/index.php\/wp-json\/wp\/v2\/tags?post=15766"}],"curies":[{"name":"wp","href":"https:\/\/api.w.org\/{rel}","templated":true}]}}