{"id":15762,"date":"2025-06-20T13:38:38","date_gmt":"2025-06-20T19:38:38","guid":{"rendered":"https:\/\/alcierrenoticias.com\/?p=15762"},"modified":"2025-06-20T13:39:54","modified_gmt":"2025-06-20T19:39:54","slug":"hoy-viernes-gran-inauguracion-de-la-feria-san-pedro-y-san-pablo-meoqui-2025","status":"publish","type":"post","link":"https:\/\/alcierrenoticias.com\/index.php\/2025\/06\/20\/hoy-viernes-gran-inauguracion-de-la-feria-san-pedro-y-san-pablo-meoqui-2025\/","title":{"rendered":"Hoy viernes gran inauguraci\u00f3n de la Feria San Pedro y San Pablo Meoqui 2025."},"content":{"rendered":"<p>Dar\u00e1n inici\u00f3 los festejos por el 316 Aniversario de Meoqui<\/p>\n<p>Falta solo un d\u00eda para que Meoqui se ponga de fiesta con la Feria San Pedro y San Pablo 2025 del 20 al 29 de junio, la cual tendr\u00e1 como estelares a artistas de talla internacional como Luis Alfonso \u201cEl Yaki\u201d y Tropicalisimo Apache, en donde los habitantes de todo el estado podr\u00e1n pasar un momento inolvidable con sus familias.<\/p>\n<p>Luis Valles, director del DIF Municipal mencion\u00f3 que la inauguraci\u00f3n de esta gran fiesta ser\u00e1 este viernes 20 de junio, en punto de las 8 de la noche, contando con el desfile de las candidatas a Reina de la Feria y la presentaci\u00f3n de los Cadetes de Linares y Aviaci\u00f3n Norte\u00f1a.<\/p>\n<p>\u201cLa invitaci\u00f3n es para que el d\u00eda de ma\u00f1ana a partir de las 8 de la noche nos acompa\u00f1en a la inauguraci\u00f3n, el cual ser\u00e1 encabezado por nuestra alcaldesa Miriam Soto. Desde el Gobierno Municipal hemos preparado una gran fiesta por nuestro 316 aniversario\u201d, concluy\u00f3 el director.<\/p>\n","protected":false},"excerpt":{"rendered":"<p>Dar\u00e1n inici\u00f3 los festejos por el 316 Aniversario de Meoqui Falta solo un d\u00eda para que Meoqui se ponga de fiesta con la Feria San Pedro y San Pablo 2025 del 20 al 29 de junio, la cual tendr\u00e1 como estelares a artistas de talla internacional como Luis Alfonso \u201cEl Yaki\u201d y Tropicalisimo Apache, en donde los habitantes de todo el estado podr\u00e1n pasar un momento inolvidable con sus familias. Luis Valles, director del DIF Municipal mencion\u00f3 que la inauguraci\u00f3n de esta gran fiesta ser\u00e1 este viernes 20 de junio, en punto de las 8 de la noche, contando con el desfile de las candidatas a Reina de la Feria y la presentaci\u00f3n de los Cadetes de Linares y Aviaci\u00f3n Norte\u00f1a. \u201cLa invitaci\u00f3n es para que el d\u00eda de ma\u00f1ana a partir de las 8 de la noche nos acompa\u00f1en a la inauguraci\u00f3n, el cual ser\u00e1 encabezado por nuestra alcaldesa Miriam Soto. Desde el Gobierno Municipal hemos preparado una gran fiesta por nuestro 316 aniversario\u201d, concluy\u00f3 el director.<\/p>\n","protected":false},"author":2,"featured_media":15763,"comment_status":"open","ping_status":"open","sticky":false,"template":"","format":"standard","meta":{"_monsterinsights_skip_tracking":false,"_monsterinsights_sitenote_active":false,"_monsterinsights_sitenote_note":"","_monsterinsights_sitenote_category":0,"advanced_seo_description":"","jetpack_seo_html_title":"","jetpack_seo_noindex":false,"_jetpack_memberships_contains_paid_content":false,"footnotes":"","jetpack_publicize_message":"","jetpack_publicize_feature_enabled":true,"jetpack_social_post_already_shared":true,"jetpack_social_options":{"image_generator_settings":{"template":"highway","enabled":false},"version":2}},"categories":[135,7,11],"tags":[],"class_list":["post-15762","post","type-post","status-publish","format-standard","has-post-thumbnail","hentry","category-lo-mas-leido","category-local","category-principal"],"jetpack_publicize_connections":[],"jetpack_sharing_enabled":true,"jetpack_featured_media_url":"https:\/\/i0.wp.com\/alcierrenoticias.com\/wp-content\/uploads\/2025\/06\/WhatsApp-Image-2025-06-19-at-9.19.04-PM-1.jpeg?fit=1280%2C960&ssl=1","amp_enabled":true,"_links":{"self":[{"href":"https:\/\/alcierrenoticias.com\/index.php\/wp-json\/wp\/v2\/posts\/15762","targetHints":{"allow":["GET"]}}],"collection":[{"href":"https:\/\/alcierrenoticias.com\/index.php\/wp-json\/wp\/v2\/posts"}],"about":[{"href":"https:\/\/alcierrenoticias.com\/index.php\/wp-json\/wp\/v2\/types\/post"}],"author":[{"embeddable":true,"href":"https:\/\/alcierrenoticias.com\/index.php\/wp-json\/wp\/v2\/users\/2"}],"replies":[{"embeddable":true,"href":"https:\/\/alcierrenoticias.com\/index.php\/wp-json\/wp\/v2\/comments?post=15762"}],"version-history":[{"count":2,"href":"https:\/\/alcierrenoticias.com\/index.php\/wp-json\/wp\/v2\/posts\/15762\/revisions"}],"predecessor-version":[{"id":15765,"href":"https:\/\/alcierrenoticias.com\/index.php\/wp-json\/wp\/v2\/posts\/15762\/revisions\/15765"}],"wp:featuredmedia":[{"embeddable":true,"href":"https:\/\/alcierrenoticias.com\/index.php\/wp-json\/wp\/v2\/media\/15763"}],"wp:attachment":[{"href":"https:\/\/alcierrenoticias.com\/index.php\/wp-json\/wp\/v2\/media?parent=15762"}],"wp:term":[{"taxonomy":"category","embeddable":true,"href":"https:\/\/alcierrenoticias.com\/index.php\/wp-json\/wp\/v2\/categories?post=15762"},{"taxonomy":"post_tag","embeddable":true,"href":"https:\/\/alcierrenoticias.com\/index.php\/wp-json\/wp\/v2\/tags?post=15762"}],"curies":[{"name":"wp","href":"https:\/\/api.w.org\/{rel}","templated":true}]}}