{"id":15750,"date":"2025-06-18T20:08:03","date_gmt":"2025-06-19T02:08:03","guid":{"rendered":"https:\/\/alcierrenoticias.com\/?p=15750"},"modified":"2025-06-20T13:09:57","modified_gmt":"2025-06-20T19:09:57","slug":"direccion-de-servicios-municipales-realiza-rehabilitacion-y-limpieza-del-estanque-en-el-parque-infantil-en-camargo","status":"publish","type":"post","link":"https:\/\/alcierrenoticias.com\/index.php\/2025\/06\/18\/direccion-de-servicios-municipales-realiza-rehabilitacion-y-limpieza-del-estanque-en-el-parque-infantil-en-camargo\/","title":{"rendered":"Direcci\u00f3n de Servicios Municipales realiza rehabilitaci\u00f3n y limpieza del estanque en el parque infantil en Camargo."},"content":{"rendered":"<p>Con el compromiso de mantener y mejorar los espacios p\u00fablicos del municipio, la Direcci\u00f3n de Servicios Municipales llev\u00f3 a cabo trabajos de limpieza y rehabilitaci\u00f3n en el estanque del parque infantil. Estas labores tienen como objetivo mejorar el aspecto del lago y brindar a los peces un espacio m\u00e1s digno y saludable.<\/p>\n<p>Esta acci\u00f3n forma parte de un programa continuo de mantenimiento y conservaci\u00f3n, que busca ofrecer a las familias un entorno seguro, limpio y agradable para su recreaci\u00f3n y esparcimiento.<\/p>\n<p>El gobierno municipal reafirma su compromiso de seguir trabajando para embellecer y cuidar cada rinc\u00f3n del parque infantil, fomentando as\u00ed un ambiente propicio para el bienestar de la comunidad.<\/p>\n","protected":false},"excerpt":{"rendered":"<p>Con el compromiso de mantener y mejorar los espacios p\u00fablicos del municipio, la Direcci\u00f3n de Servicios Municipales llev\u00f3 a cabo trabajos de limpieza y rehabilitaci\u00f3n en el estanque del parque infantil. Estas labores tienen como objetivo mejorar el aspecto del lago y brindar a los peces un espacio m\u00e1s digno y saludable. Esta acci\u00f3n forma parte de un programa continuo de mantenimiento y conservaci\u00f3n, que busca ofrecer a las familias un entorno seguro, limpio y agradable para su recreaci\u00f3n y esparcimiento. El gobierno municipal reafirma su compromiso de seguir trabajando para embellecer y cuidar cada rinc\u00f3n del parque infantil, fomentando as\u00ed un ambiente propicio para el bienestar de la comunidad.<\/p>\n","protected":false},"author":2,"featured_media":15751,"comment_status":"open","ping_status":"open","sticky":false,"template":"","format":"standard","meta":{"_monsterinsights_skip_tracking":false,"_monsterinsights_sitenote_active":false,"_monsterinsights_sitenote_note":"","_monsterinsights_sitenote_category":0,"advanced_seo_description":"","jetpack_seo_html_title":"","jetpack_seo_noindex":false,"_jetpack_memberships_contains_paid_content":false,"footnotes":"","jetpack_publicize_message":"","jetpack_publicize_feature_enabled":true,"jetpack_social_post_already_shared":true,"jetpack_social_options":{"image_generator_settings":{"template":"highway","enabled":false},"version":2}},"categories":[8,135,11],"tags":[],"class_list":["post-15750","post","type-post","status-publish","format-standard","has-post-thumbnail","hentry","category-estado","category-lo-mas-leido","category-principal"],"jetpack_publicize_connections":[],"jetpack_sharing_enabled":true,"jetpack_featured_media_url":"https:\/\/i0.wp.com\/alcierrenoticias.com\/wp-content\/uploads\/2025\/06\/WhatsApp-Image-2025-06-18-at-8.00.21-PM.jpeg?fit=1600%2C1066&ssl=1","amp_enabled":true,"_links":{"self":[{"href":"https:\/\/alcierrenoticias.com\/index.php\/wp-json\/wp\/v2\/posts\/15750","targetHints":{"allow":["GET"]}}],"collection":[{"href":"https:\/\/alcierrenoticias.com\/index.php\/wp-json\/wp\/v2\/posts"}],"about":[{"href":"https:\/\/alcierrenoticias.com\/index.php\/wp-json\/wp\/v2\/types\/post"}],"author":[{"embeddable":true,"href":"https:\/\/alcierrenoticias.com\/index.php\/wp-json\/wp\/v2\/users\/2"}],"replies":[{"embeddable":true,"href":"https:\/\/alcierrenoticias.com\/index.php\/wp-json\/wp\/v2\/comments?post=15750"}],"version-history":[{"count":2,"href":"https:\/\/alcierrenoticias.com\/index.php\/wp-json\/wp\/v2\/posts\/15750\/revisions"}],"predecessor-version":[{"id":15753,"href":"https:\/\/alcierrenoticias.com\/index.php\/wp-json\/wp\/v2\/posts\/15750\/revisions\/15753"}],"wp:featuredmedia":[{"embeddable":true,"href":"https:\/\/alcierrenoticias.com\/index.php\/wp-json\/wp\/v2\/media\/15751"}],"wp:attachment":[{"href":"https:\/\/alcierrenoticias.com\/index.php\/wp-json\/wp\/v2\/media?parent=15750"}],"wp:term":[{"taxonomy":"category","embeddable":true,"href":"https:\/\/alcierrenoticias.com\/index.php\/wp-json\/wp\/v2\/categories?post=15750"},{"taxonomy":"post_tag","embeddable":true,"href":"https:\/\/alcierrenoticias.com\/index.php\/wp-json\/wp\/v2\/tags?post=15750"}],"curies":[{"name":"wp","href":"https:\/\/api.w.org\/{rel}","templated":true}]}}