{"id":15721,"date":"2025-06-17T21:30:11","date_gmt":"2025-06-18T03:30:11","guid":{"rendered":"https:\/\/alcierrenoticias.com\/?p=15721"},"modified":"2025-06-17T23:42:00","modified_gmt":"2025-06-18T05:42:00","slug":"invita-idea-delicias-a-feria-del-empleo-2025-con-mas-de-mil-vacantes","status":"publish","type":"post","link":"https:\/\/alcierrenoticias.com\/index.php\/2025\/06\/17\/invita-idea-delicias-a-feria-del-empleo-2025-con-mas-de-mil-vacantes\/","title":{"rendered":"Invita IDEA Delicias a Feria del Empleo 2025 con m\u00e1s de mil vacantes."},"content":{"rendered":"<p>El Instituto de Desarrollo Econ\u00f3mico y Agropecuario de Delicias (IDEA), encabezado por su director Jorge Issa, invita a la ciudadan\u00eda a participar en la Feria del Empleo 2025, que se llevar\u00e1 a cabo el pr\u00f3ximo jueves 26 de junio de 9 de la ma\u00f1ana a 3 de la tarde. El evento busca vincular a personas que est\u00e1n desempleadas, que desean mejorar sus condiciones laborales o incluso buscan una segunda fuente de ingresos.<\/p>\n<p>Esta edici\u00f3n contar\u00e1 con la participaci\u00f3n de m\u00e1s de 35 empresas que ofertar\u00e1n m\u00e1s de mil vacantes en distintos sectores como manufactura, agroindustria, comercio y servicios. Jorge Issa explic\u00f3 que esperan romper el r\u00e9cord de asistencia de a\u00f1os anteriores, por lo que recomend\u00f3 a los asistentes acudir desde temprano y, de ser posible, llevar su solicitud de empleo ya llena para facilitar el proceso de contrataci\u00f3n.<\/p>\n<p>Durante el anuncio, Elena Guti\u00e9rrez de la Secretar\u00eda del Trabajo y Previsi\u00f3n Social, detall\u00f3 que las vacantes disponibles en la feria cumplen con todas las prestaciones que marca la ley. Reiter\u00f3 que esta actividad se realiza en coordinaci\u00f3n con el Gobierno Municipal de Delicias, a trav\u00e9s del IDEA, con quienes mantienen una estrecha colaboraci\u00f3n para fomentar el empleo formal y digno en la regi\u00f3n.<\/p>\n<p>El regidor Mario Alberto Mata, encargado de despacho en representaci\u00f3n del alcalde Jes\u00fas Valenciano, destac\u00f3 que una de las prioridades del Gobierno Municipal es impulsar alianzas que generen beneficios directos a las familias delicienses. \u201cEsta feria es una muestra del trabajo conjunto entre sociedad, gobierno y empresas, que nos permite llevar oportunidades reales de empleo a quienes m\u00e1s lo necesitan\u201d, expres\u00f3.<\/p>\n<p>Finalmente, Jorge Issa subray\u00f3 que la Feria del Empleo representa una oportunidad \u00fanica para quienes desean incorporarse al mercado laboral. \u201cHay personas que han salido de aqu\u00ed ya contratadas y comienzan a trabajar desde el lunes siguiente, por eso es tan importante que la gente asista\u201d, concluy\u00f3.<\/p>\n","protected":false},"excerpt":{"rendered":"<p>El Instituto de Desarrollo Econ\u00f3mico y Agropecuario de Delicias (IDEA), encabezado por su director Jorge Issa, invita a la ciudadan\u00eda a participar en la Feria del Empleo 2025, que se llevar\u00e1 a cabo el pr\u00f3ximo jueves 26 de junio de 9 de la ma\u00f1ana a 3 de la tarde. El evento busca vincular a personas que est\u00e1n desempleadas, que desean mejorar sus condiciones laborales o incluso buscan una segunda fuente de ingresos. Esta edici\u00f3n contar\u00e1 con la participaci\u00f3n de m\u00e1s de 35 empresas que ofertar\u00e1n m\u00e1s de mil vacantes en distintos sectores como manufactura, agroindustria, comercio y servicios. Jorge Issa explic\u00f3 que esperan romper el r\u00e9cord de asistencia de a\u00f1os anteriores, por lo que recomend\u00f3 a los asistentes acudir desde temprano y, de ser posible, llevar su solicitud de empleo ya llena para facilitar el proceso de contrataci\u00f3n. Durante el anuncio, Elena Guti\u00e9rrez de la Secretar\u00eda del Trabajo y Previsi\u00f3n Social, detall\u00f3 que las vacantes disponibles en la feria cumplen con todas las prestaciones que marca la ley. Reiter\u00f3 que esta actividad se realiza en coordinaci\u00f3n con el Gobierno Municipal de Delicias, a trav\u00e9s del IDEA, con quienes mantienen una estrecha colaboraci\u00f3n para fomentar el empleo formal y digno en la regi\u00f3n. El regidor Mario Alberto Mata, encargado de despacho en representaci\u00f3n del alcalde Jes\u00fas Valenciano, destac\u00f3 que una de las prioridades del Gobierno Municipal es impulsar alianzas que generen beneficios directos a las familias delicienses. \u201cEsta feria es una muestra del trabajo conjunto entre sociedad, gobierno y empresas, que nos permite llevar oportunidades reales de empleo a quienes m\u00e1s lo necesitan\u201d, expres\u00f3. Finalmente, Jorge Issa subray\u00f3 que la Feria del Empleo representa una oportunidad \u00fanica para quienes desean incorporarse al mercado laboral. \u201cHay personas que han salido de aqu\u00ed ya contratadas y comienzan a trabajar desde el lunes siguiente, por eso es tan importante que la gente asista\u201d, concluy\u00f3.<\/p>\n","protected":false},"author":2,"featured_media":15722,"comment_status":"open","ping_status":"open","sticky":false,"template":"","format":"standard","meta":{"_monsterinsights_skip_tracking":false,"_monsterinsights_sitenote_active":false,"_monsterinsights_sitenote_note":"","_monsterinsights_sitenote_category":0,"advanced_seo_description":"","jetpack_seo_html_title":"","jetpack_seo_noindex":false,"_jetpack_memberships_contains_paid_content":false,"footnotes":"","jetpack_publicize_message":"","jetpack_publicize_feature_enabled":true,"jetpack_social_post_already_shared":true,"jetpack_social_options":{"image_generator_settings":{"template":"highway","enabled":false},"version":2}},"categories":[135,7,11],"tags":[],"class_list":["post-15721","post","type-post","status-publish","format-standard","has-post-thumbnail","hentry","category-lo-mas-leido","category-local","category-principal"],"jetpack_publicize_connections":[],"jetpack_sharing_enabled":true,"jetpack_featured_media_url":"https:\/\/i0.wp.com\/alcierrenoticias.com\/wp-content\/uploads\/2025\/06\/WhatsApp-Image-2025-06-17-at-9.24.51-PM-scaled.jpeg?fit=2560%2C1720&ssl=1","amp_enabled":true,"_links":{"self":[{"href":"https:\/\/alcierrenoticias.com\/index.php\/wp-json\/wp\/v2\/posts\/15721","targetHints":{"allow":["GET"]}}],"collection":[{"href":"https:\/\/alcierrenoticias.com\/index.php\/wp-json\/wp\/v2\/posts"}],"about":[{"href":"https:\/\/alcierrenoticias.com\/index.php\/wp-json\/wp\/v2\/types\/post"}],"author":[{"embeddable":true,"href":"https:\/\/alcierrenoticias.com\/index.php\/wp-json\/wp\/v2\/users\/2"}],"replies":[{"embeddable":true,"href":"https:\/\/alcierrenoticias.com\/index.php\/wp-json\/wp\/v2\/comments?post=15721"}],"version-history":[{"count":2,"href":"https:\/\/alcierrenoticias.com\/index.php\/wp-json\/wp\/v2\/posts\/15721\/revisions"}],"predecessor-version":[{"id":15724,"href":"https:\/\/alcierrenoticias.com\/index.php\/wp-json\/wp\/v2\/posts\/15721\/revisions\/15724"}],"wp:featuredmedia":[{"embeddable":true,"href":"https:\/\/alcierrenoticias.com\/index.php\/wp-json\/wp\/v2\/media\/15722"}],"wp:attachment":[{"href":"https:\/\/alcierrenoticias.com\/index.php\/wp-json\/wp\/v2\/media?parent=15721"}],"wp:term":[{"taxonomy":"category","embeddable":true,"href":"https:\/\/alcierrenoticias.com\/index.php\/wp-json\/wp\/v2\/categories?post=15721"},{"taxonomy":"post_tag","embeddable":true,"href":"https:\/\/alcierrenoticias.com\/index.php\/wp-json\/wp\/v2\/tags?post=15721"}],"curies":[{"name":"wp","href":"https:\/\/api.w.org\/{rel}","templated":true}]}}