{"id":15717,"date":"2025-06-17T21:20:51","date_gmt":"2025-06-18T03:20:51","guid":{"rendered":"https:\/\/alcierrenoticias.com\/?p=15717"},"modified":"2025-06-17T23:39:51","modified_gmt":"2025-06-18T05:39:51","slug":"municipio-invita-hoy-martes-a-reforestacion-masiva-en-el-campo-de-beisbol-las-pilas","status":"publish","type":"post","link":"https:\/\/alcierrenoticias.com\/index.php\/2025\/06\/17\/municipio-invita-hoy-martes-a-reforestacion-masiva-en-el-campo-de-beisbol-las-pilas\/","title":{"rendered":"Municipio invita hoy martes a reforestaci\u00f3n masiva en el campo de b\u00e9isbol Las Pilas."},"content":{"rendered":"<p>El Gobierno Municipal de Camargo, a trav\u00e9s del Comit\u00e9 de Ecolog\u00eda, la Brigada de Desarrollo, la Direcci\u00f3n de Servicios Municipales y en colaboraci\u00f3n con la Fundaci\u00f3n Grupo M\u00e9xico, invita a la ciudadan\u00eda a participar en la Campa\u00f1a de Reforestaci\u00f3n que se llevar\u00e1 a cabo hoy martes 17 de junio a las 6:00 p.m. en el campo de b\u00e9isbol de Las Pilas.<\/p>\n<p>Esta actividad busca mejorar las condiciones del espacio deportivo y continuar promoviendo la participaci\u00f3n social en acciones de cuidado ambiental. Invitamos a vecinos, deportistas, familias y colectivos a sumarse a esta jornada.<\/p>\n<p>Recomendamos llevar pala, gorra y agua para comodidad de los asistentes.<\/p>\n<p>\u00a1Te esperamos! Sigamos construyendo juntos un Camargo m\u00e1s verde.<\/p>\n","protected":false},"excerpt":{"rendered":"<p>El Gobierno Municipal de Camargo, a trav\u00e9s del Comit\u00e9 de Ecolog\u00eda, la Brigada de Desarrollo, la Direcci\u00f3n de Servicios Municipales y en colaboraci\u00f3n con la Fundaci\u00f3n Grupo M\u00e9xico, invita a la ciudadan\u00eda a participar en la Campa\u00f1a de Reforestaci\u00f3n que se llevar\u00e1 a cabo hoy martes 17 de junio a las 6:00 p.m. en el campo de b\u00e9isbol de Las Pilas. Esta actividad busca mejorar las condiciones del espacio deportivo y continuar promoviendo la participaci\u00f3n social en acciones de cuidado ambiental. Invitamos a vecinos, deportistas, familias y colectivos a sumarse a esta jornada. Recomendamos llevar pala, gorra y agua para comodidad de los asistentes. \u00a1Te esperamos! Sigamos construyendo juntos un Camargo m\u00e1s verde.<\/p>\n","protected":false},"author":2,"featured_media":15718,"comment_status":"open","ping_status":"open","sticky":false,"template":"","format":"standard","meta":{"_monsterinsights_skip_tracking":false,"_monsterinsights_sitenote_active":false,"_monsterinsights_sitenote_note":"","_monsterinsights_sitenote_category":0,"advanced_seo_description":"","jetpack_seo_html_title":"","jetpack_seo_noindex":false,"_jetpack_memberships_contains_paid_content":false,"footnotes":"","jetpack_publicize_message":"","jetpack_publicize_feature_enabled":true,"jetpack_social_post_already_shared":true,"jetpack_social_options":{"image_generator_settings":{"template":"highway","enabled":false},"version":2}},"categories":[135,7,11],"tags":[],"class_list":["post-15717","post","type-post","status-publish","format-standard","has-post-thumbnail","hentry","category-lo-mas-leido","category-local","category-principal"],"jetpack_publicize_connections":[],"jetpack_sharing_enabled":true,"jetpack_featured_media_url":"https:\/\/i0.wp.com\/alcierrenoticias.com\/wp-content\/uploads\/2025\/06\/WhatsApp-Image-2025-06-17-at-9.14.46-PM-e1750225153471.jpeg?fit=400%2C500&ssl=1","amp_enabled":true,"_links":{"self":[{"href":"https:\/\/alcierrenoticias.com\/index.php\/wp-json\/wp\/v2\/posts\/15717","targetHints":{"allow":["GET"]}}],"collection":[{"href":"https:\/\/alcierrenoticias.com\/index.php\/wp-json\/wp\/v2\/posts"}],"about":[{"href":"https:\/\/alcierrenoticias.com\/index.php\/wp-json\/wp\/v2\/types\/post"}],"author":[{"embeddable":true,"href":"https:\/\/alcierrenoticias.com\/index.php\/wp-json\/wp\/v2\/users\/2"}],"replies":[{"embeddable":true,"href":"https:\/\/alcierrenoticias.com\/index.php\/wp-json\/wp\/v2\/comments?post=15717"}],"version-history":[{"count":2,"href":"https:\/\/alcierrenoticias.com\/index.php\/wp-json\/wp\/v2\/posts\/15717\/revisions"}],"predecessor-version":[{"id":15720,"href":"https:\/\/alcierrenoticias.com\/index.php\/wp-json\/wp\/v2\/posts\/15717\/revisions\/15720"}],"wp:featuredmedia":[{"embeddable":true,"href":"https:\/\/alcierrenoticias.com\/index.php\/wp-json\/wp\/v2\/media\/15718"}],"wp:attachment":[{"href":"https:\/\/alcierrenoticias.com\/index.php\/wp-json\/wp\/v2\/media?parent=15717"}],"wp:term":[{"taxonomy":"category","embeddable":true,"href":"https:\/\/alcierrenoticias.com\/index.php\/wp-json\/wp\/v2\/categories?post=15717"},{"taxonomy":"post_tag","embeddable":true,"href":"https:\/\/alcierrenoticias.com\/index.php\/wp-json\/wp\/v2\/tags?post=15717"}],"curies":[{"name":"wp","href":"https:\/\/api.w.org\/{rel}","templated":true}]}}